{"id":3886,"date":"2022-06-20T15:47:03","date_gmt":"2022-06-20T18:47:03","guid":{"rendered":"https:\/\/www.oficinaconectada.com.br\/blog\/?p=3886"},"modified":"2022-07-06T13:23:17","modified_gmt":"2022-07-06T16:23:17","slug":"codigo-de-falha-p0807","status":"publish","type":"post","link":"https:\/\/www.oficinaconectada.com.br\/blog\/codigo-de-falha-p0807\/","title":{"rendered":"Falha no Sensor de Posi\u00e7\u00e3o da Embreagem"},"content":{"rendered":"<div class=\"wp-block-image\">\n<figure class=\"alignright size-full is-resized cnvs-block-core-image-1652882835669\"><img fetchpriority=\"high\" decoding=\"async\" src=\"https:\/\/www.oficinaconectada.com.br\/blog\/wp-content\/uploads\/2022\/06\/kisspng-volkswagen-fox-volkswagen-suran-volkswagen-jetta-v-comprar-novo-volkswagen-spacefox-em-blumenau-brus-5b6896f210c7d9.4115418615335810420688.png\" alt=\"\" class=\"wp-image-3887\" width=\"317\" height=\"198\" srcset=\"https:\/\/www.oficinaconectada.com.br\/blog\/wp-content\/uploads\/2022\/06\/kisspng-volkswagen-fox-volkswagen-suran-volkswagen-jetta-v-comprar-novo-volkswagen-spacefox-em-blumenau-brus-5b6896f210c7d9.4115418615335810420688.png 800w, https:\/\/www.oficinaconectada.com.br\/blog\/wp-content\/uploads\/2022\/06\/kisspng-volkswagen-fox-volkswagen-suran-volkswagen-jetta-v-comprar-novo-volkswagen-spacefox-em-blumenau-brus-5b6896f210c7d9.4115418615335810420688-300x188.png 300w, https:\/\/www.oficinaconectada.com.br\/blog\/wp-content\/uploads\/2022\/06\/kisspng-volkswagen-fox-volkswagen-suran-volkswagen-jetta-v-comprar-novo-volkswagen-spacefox-em-blumenau-brus-5b6896f210c7d9.4115418615335810420688-768x480.png 768w, https:\/\/www.oficinaconectada.com.br\/blog\/wp-content\/uploads\/2022\/06\/kisspng-volkswagen-fox-volkswagen-suran-volkswagen-jetta-v-comprar-novo-volkswagen-spacefox-em-blumenau-brus-5b6896f210c7d9.4115418615335810420688-640x400.png 640w\" sizes=\"(max-width: 317px) 100vw, 317px\" \/><\/figure>\n<\/div>\n\n\n<h3 id=\"veiculos\" class=\"wp-block-heading\"><strong>Ve\u00edculos:<\/strong><\/h3>\n\n\n\n<ul class=\"wp-block-list\"><li><strong>Marca<\/strong>: <br>Volkswagen<\/li><li><strong>Modelo<\/strong>: <br>Gol, Voyage, Fox, CrossFox e SpaceFox<\/li><li><strong>Sistema<\/strong>: Transmiss\u00e3o;<\/li><li><strong>Motor<\/strong>: 1.6 8V L4 CCRA Flex<\/li><\/ul>\n\n\n\n<h3 id=\"detalhes-iniciais\" class=\"wp-block-heading\"><strong>Detalhes iniciais:<\/strong><\/h3>\n\n\n\n<ul class=\"wp-block-list\"><li><span style=\"color: var(--cs-color-base);\">C\u00f3digo de Falha P0807<\/span><\/li><\/ul>\n\n\n\n<h3 id=\"diagnostico\" class=\"wp-block-heading\"><strong>Diagn\u00f3stico:<\/strong><\/h3>\n\n\n\n<p>Tal c\u00f3digo est\u00e1 relacionado ao sensor de posi\u00e7\u00e3o da embreagem. Esse sensor \u00e9 do tipo PLCD e, portanto, necessita de interfer\u00eancia magn\u00e9tica para o seu correto funcionamento.<\/p>\n\n\n<div class=\"wp-block-image\">\n<figure class=\"aligncenter size-full is-resized\"><img decoding=\"async\" src=\"https:\/\/www.oficinaconectada.com.br\/blog\/wp-content\/uploads\/2022\/06\/dica-Helio-Czerny-3-Sensor-PLCD-660x413-1.png\" alt=\"\" class=\"wp-image-3888\" width=\"495\" height=\"310\" srcset=\"https:\/\/www.oficinaconectada.com.br\/blog\/wp-content\/uploads\/2022\/06\/dica-Helio-Czerny-3-Sensor-PLCD-660x413-1.png 660w, https:\/\/www.oficinaconectada.com.br\/blog\/wp-content\/uploads\/2022\/06\/dica-Helio-Czerny-3-Sensor-PLCD-660x413-1-300x188.png 300w, https:\/\/www.oficinaconectada.com.br\/blog\/wp-content\/uploads\/2022\/06\/dica-Helio-Czerny-3-Sensor-PLCD-660x413-1-640x400.png 640w\" sizes=\"(max-width: 495px) 100vw, 495px\" \/><\/figure>\n<\/div>\n\n\n<p>Essa interfer\u00eancia \u00e9 gerada por um im\u00e3 que est\u00e1 localizado no interior do atuador hidr\u00e1ulico. Sem ele, o sistema n\u00e3o funciona.<\/p>\n\n\n<div class=\"wp-block-image\">\n<figure class=\"aligncenter size-full is-resized\"><img decoding=\"async\" src=\"https:\/\/www.oficinaconectada.com.br\/blog\/wp-content\/uploads\/2022\/06\/dica-Helio-Czerny-3-Ima-660x268-1.png\" alt=\"\" class=\"wp-image-3889\" width=\"495\" height=\"201\" srcset=\"https:\/\/www.oficinaconectada.com.br\/blog\/wp-content\/uploads\/2022\/06\/dica-Helio-Czerny-3-Ima-660x268-1.png 660w, https:\/\/www.oficinaconectada.com.br\/blog\/wp-content\/uploads\/2022\/06\/dica-Helio-Czerny-3-Ima-660x268-1-300x122.png 300w, https:\/\/www.oficinaconectada.com.br\/blog\/wp-content\/uploads\/2022\/06\/dica-Helio-Czerny-3-Ima-660x268-1-640x260.png 640w\" sizes=\"(max-width: 495px) 100vw, 495px\" \/><\/figure>\n<\/div>\n\n\n<p>Pois bem, observamos que est\u00e1 havendo a aplica\u00e7\u00e3o incorreta dos atuadores, ou seja, apesar de alguns terem a mesma apar\u00eancia externa (inclusive com os furos para a fixa\u00e7\u00e3o do sensor), internamente n\u00e3o o s\u00e3o, pois lhes falta o im\u00e3.<\/p>\n\n\n<div class=\"wp-block-image\">\n<figure class=\"aligncenter size-full is-resized\"><img loading=\"lazy\" decoding=\"async\" src=\"https:\/\/www.oficinaconectada.com.br\/blog\/wp-content\/uploads\/2022\/06\/dica-Helio-Czerny-3-Furo-de-Fixacao-660x447-1.png\" alt=\"\" class=\"wp-image-3890\" width=\"495\" height=\"335\" srcset=\"https:\/\/www.oficinaconectada.com.br\/blog\/wp-content\/uploads\/2022\/06\/dica-Helio-Czerny-3-Furo-de-Fixacao-660x447-1.png 660w, https:\/\/www.oficinaconectada.com.br\/blog\/wp-content\/uploads\/2022\/06\/dica-Helio-Czerny-3-Furo-de-Fixacao-660x447-1-300x203.png 300w, https:\/\/www.oficinaconectada.com.br\/blog\/wp-content\/uploads\/2022\/06\/dica-Helio-Czerny-3-Furo-de-Fixacao-660x447-1-640x433.png 640w\" sizes=\"(max-width: 495px) 100vw, 495px\" \/><\/figure>\n<\/div>\n\n\n<p>Assim sendo, no momento em que o atuador \u00e9 substitu\u00eddo fazendo o uso da pe\u00e7a errada, o sistema passa a n\u00e3o funcionar e gera o c\u00f3digo P0807 e o valor referente \u00e0 posi\u00e7\u00e3o da embreagem costuma ficar em 1591.<\/p>\n\n\n\n<figure class=\"wp-block-image size-full is-resized\"><img loading=\"lazy\" decoding=\"async\" src=\"https:\/\/www.oficinaconectada.com.br\/blog\/wp-content\/uploads\/2022\/06\/dica-Helio-Czerny-3-Lamina-660x458-1.png\" alt=\"\" class=\"wp-image-3891\" width=\"495\" height=\"344\" srcset=\"https:\/\/www.oficinaconectada.com.br\/blog\/wp-content\/uploads\/2022\/06\/dica-Helio-Czerny-3-Lamina-660x458-1.png 660w, https:\/\/www.oficinaconectada.com.br\/blog\/wp-content\/uploads\/2022\/06\/dica-Helio-Czerny-3-Lamina-660x458-1-300x208.png 300w, https:\/\/www.oficinaconectada.com.br\/blog\/wp-content\/uploads\/2022\/06\/dica-Helio-Czerny-3-Lamina-660x458-1-640x444.png 640w\" sizes=\"(max-width: 495px) 100vw, 495px\" \/><\/figure>\n\n\n\n<p><strong>DICA:&nbsp;<\/strong>como o atuador correto deve possuir um im\u00e3 interno, basta aproximar uma l\u00e2mina fina, perto da regi\u00e3o de fixa\u00e7\u00e3o, do atuador e verificar se a mesma \u00e9 atra\u00edda. Caso isso ocorra, a pe\u00e7a \u00e9 a correta para a aplica\u00e7\u00e3o no sistema I-Motion. Caso contr\u00e1rio, ela N\u00c3O dever\u00e1 utilizada pois trata-se de um componente aplicado no sistema N\u00c3O automatizado.<\/p>\n","protected":false},"excerpt":{"rendered":"C\u00f3digo de Falha P0807 est\u00e1 relacionado ao sensor de posi\u00e7\u00e3o da embreagem.","protected":false},"author":1,"featured_media":3897,"comment_status":"open","ping_status":"open","sticky":false,"template":"","format":"standard","meta":{"csco_singular_sidebar":"","csco_page_header_type":"","csco_page_load_nextpost":"default","csco_post_video_location":[],"csco_post_video_location_hash":"","csco_post_video_url":"","csco_post_video_bg_start_time":0,"csco_post_video_bg_end_time":0,"footnotes":""},"categories":[62],"tags":[42,154,209],"class_list":{"0":"post-3886","1":"post","2":"type-post","3":"status-publish","4":"format-standard","5":"has-post-thumbnail","7":"category-dica-tecnica","8":"tag-gol","9":"tag-spacefox","10":"tag-volkswagem","11":"cs-entry","12":"cs-video-wrap"},"yoast_head":"<!-- This site is optimized with the Yoast SEO plugin v25.9 - https:\/\/yoast.com\/wordpress\/plugins\/seo\/ -->\r\n<title>Falha no Sensor de Posi\u00e7\u00e3o da Embreagem<\/title>\r\n<meta name=\"description\" content=\"C\u00f3digo de Falha P0807 est\u00e1 relacionado ao sensor de posi\u00e7\u00e3o da embreagem.\" \/>\r\n<meta name=\"robots\" content=\"index, follow, max-snippet:-1, max-image-preview:large, max-video-preview:-1\" \/>\r\n<link rel=\"canonical\" href=\"https:\/\/www.oficinaconectada.com.br\/blog\/codigo-de-falha-p0807\/\" \/>\r\n<meta property=\"og:locale\" content=\"pt_BR\" \/>\r\n<meta property=\"og:type\" content=\"article\" \/>\r\n<meta property=\"og:title\" content=\"Falha no Sensor de Posi\u00e7\u00e3o da Embreagem\" \/>\r\n<meta property=\"og:description\" content=\"C\u00f3digo de Falha P0807 est\u00e1 relacionado ao sensor de posi\u00e7\u00e3o da embreagem.\" \/>\r\n<meta property=\"og:url\" content=\"https:\/\/www.oficinaconectada.com.br\/blog\/codigo-de-falha-p0807\/\" \/>\r\n<meta property=\"og:site_name\" content=\"Blog da Oficina Conectada\" \/>\r\n<meta property=\"article:published_time\" content=\"2022-06-20T18:47:03+00:00\" \/>\r\n<meta property=\"article:modified_time\" content=\"2022-07-06T16:23:17+00:00\" \/>\r\n<meta property=\"og:image\" content=\"https:\/\/www.oficinaconectada.com.br\/blog\/wp-content\/uploads\/2022\/06\/linha-fox-2010-03-scaled.jpg\" \/>\r\n\t<meta property=\"og:image:width\" content=\"2560\" \/>\r\n\t<meta property=\"og:image:height\" content=\"1707\" \/>\r\n\t<meta property=\"og:image:type\" content=\"image\/jpeg\" \/>\r\n<meta name=\"author\" content=\"Pablo Eduardo\" \/>\r\n<meta name=\"twitter:card\" content=\"summary_large_image\" \/>\r\n<meta name=\"twitter:label1\" content=\"Escrito por\" \/>\n\t<meta name=\"twitter:data1\" content=\"Pablo Eduardo\" \/>\n\t<meta name=\"twitter:label2\" content=\"Est. tempo de leitura\" \/>\n\t<meta name=\"twitter:data2\" content=\"3 minutos\" \/>\r\n<script type=\"application\/ld+json\" class=\"yoast-schema-graph\">{\"@context\":\"https:\/\/schema.org\",\"@graph\":[{\"@type\":\"TechArticle\",\"@id\":\"https:\/\/www.oficinaconectada.com.br\/blog\/codigo-de-falha-p0807\/#article\",\"isPartOf\":{\"@id\":\"https:\/\/www.oficinaconectada.com.br\/blog\/codigo-de-falha-p0807\/\"},\"author\":{\"name\":\"Pablo Eduardo\",\"@id\":\"https:\/\/www.oficinaconectada.com.br\/blog\/#\/schema\/person\/b6490daab7dc6c1670792d78478db5b4\"},\"headline\":\"Falha no Sensor de Posi\u00e7\u00e3o da Embreagem\",\"datePublished\":\"2022-06-20T18:47:03+00:00\",\"dateModified\":\"2022-07-06T16:23:17+00:00\",\"mainEntityOfPage\":{\"@id\":\"https:\/\/www.oficinaconectada.com.br\/blog\/codigo-de-falha-p0807\/\"},\"wordCount\":241,\"commentCount\":0,\"publisher\":{\"@id\":\"https:\/\/www.oficinaconectada.com.br\/blog\/#organization\"},\"image\":{\"@id\":\"https:\/\/www.oficinaconectada.com.br\/blog\/codigo-de-falha-p0807\/#primaryimage\"},\"thumbnailUrl\":\"https:\/\/www.oficinaconectada.com.br\/blog\/wp-content\/uploads\/2022\/06\/linha-fox-2010-03-scaled.jpg\",\"keywords\":[\"Gol\",\"Spacefox\",\"Volkswagem\"],\"articleSection\":[\"Dica T\u00e9cnica\"],\"inLanguage\":\"pt-BR\",\"potentialAction\":[{\"@type\":\"CommentAction\",\"name\":\"Comment\",\"target\":[\"https:\/\/www.oficinaconectada.com.br\/blog\/codigo-de-falha-p0807\/#respond\"]}]},{\"@type\":\"WebPage\",\"@id\":\"https:\/\/www.oficinaconectada.com.br\/blog\/codigo-de-falha-p0807\/\",\"url\":\"https:\/\/www.oficinaconectada.com.br\/blog\/codigo-de-falha-p0807\/\",\"name\":\"Falha no Sensor de Posi\u00e7\u00e3o da Embreagem\",\"isPartOf\":{\"@id\":\"https:\/\/www.oficinaconectada.com.br\/blog\/#website\"},\"primaryImageOfPage\":{\"@id\":\"https:\/\/www.oficinaconectada.com.br\/blog\/codigo-de-falha-p0807\/#primaryimage\"},\"image\":{\"@id\":\"https:\/\/www.oficinaconectada.com.br\/blog\/codigo-de-falha-p0807\/#primaryimage\"},\"thumbnailUrl\":\"https:\/\/www.oficinaconectada.com.br\/blog\/wp-content\/uploads\/2022\/06\/linha-fox-2010-03-scaled.jpg\",\"datePublished\":\"2022-06-20T18:47:03+00:00\",\"dateModified\":\"2022-07-06T16:23:17+00:00\",\"description\":\"C\u00f3digo de Falha P0807 est\u00e1 relacionado ao sensor de posi\u00e7\u00e3o da embreagem.\",\"breadcrumb\":{\"@id\":\"https:\/\/www.oficinaconectada.com.br\/blog\/codigo-de-falha-p0807\/#breadcrumb\"},\"inLanguage\":\"pt-BR\",\"potentialAction\":[{\"@type\":\"ReadAction\",\"target\":[\"https:\/\/www.oficinaconectada.com.br\/blog\/codigo-de-falha-p0807\/\"]}]},{\"@type\":\"ImageObject\",\"inLanguage\":\"pt-BR\",\"@id\":\"https:\/\/www.oficinaconectada.com.br\/blog\/codigo-de-falha-p0807\/#primaryimage\",\"url\":\"https:\/\/www.oficinaconectada.com.br\/blog\/wp-content\/uploads\/2022\/06\/linha-fox-2010-03-scaled.jpg\",\"contentUrl\":\"https:\/\/www.oficinaconectada.com.br\/blog\/wp-content\/uploads\/2022\/06\/linha-fox-2010-03-scaled.jpg\",\"width\":2560,\"height\":1707},{\"@type\":\"BreadcrumbList\",\"@id\":\"https:\/\/www.oficinaconectada.com.br\/blog\/codigo-de-falha-p0807\/#breadcrumb\",\"itemListElement\":[{\"@type\":\"ListItem\",\"position\":1,\"name\":\"Home\",\"item\":\"https:\/\/www.oficinaconectada.com.br\/blog\/\"},{\"@type\":\"ListItem\",\"position\":2,\"name\":\"Falha no Sensor de Posi\u00e7\u00e3o da Embreagem\"}]},{\"@type\":\"WebSite\",\"@id\":\"https:\/\/www.oficinaconectada.com.br\/blog\/#website\",\"url\":\"https:\/\/www.oficinaconectada.com.br\/blog\/\",\"name\":\"Blog da Oficina Conectada\",\"description\":\"Bem vindo ao Blog da Oficina Conectada, informa\u00e7\u00e3o t\u00e9cnica para reparadores automotivos.\",\"publisher\":{\"@id\":\"https:\/\/www.oficinaconectada.com.br\/blog\/#organization\"},\"potentialAction\":[{\"@type\":\"SearchAction\",\"target\":{\"@type\":\"EntryPoint\",\"urlTemplate\":\"https:\/\/www.oficinaconectada.com.br\/blog\/?s={search_term_string}\"},\"query-input\":{\"@type\":\"PropertyValueSpecification\",\"valueRequired\":true,\"valueName\":\"search_term_string\"}}],\"inLanguage\":\"pt-BR\"},{\"@type\":\"Organization\",\"@id\":\"https:\/\/www.oficinaconectada.com.br\/blog\/#organization\",\"name\":\"Oficina Conectada\",\"url\":\"https:\/\/www.oficinaconectada.com.br\/blog\/\",\"logo\":{\"@type\":\"ImageObject\",\"inLanguage\":\"pt-BR\",\"@id\":\"https:\/\/www.oficinaconectada.com.br\/blog\/#\/schema\/logo\/image\/\",\"url\":\"https:\/\/www.oficinaconectada.com.br\/blog\/wp-content\/uploads\/2021\/09\/OficinaConectada_logo.png\",\"contentUrl\":\"https:\/\/www.oficinaconectada.com.br\/blog\/wp-content\/uploads\/2021\/09\/OficinaConectada_logo.png\",\"width\":1838,\"height\":749,\"caption\":\"Oficina Conectada\"},\"image\":{\"@id\":\"https:\/\/www.oficinaconectada.com.br\/blog\/#\/schema\/logo\/image\/\"}},{\"@type\":\"Person\",\"@id\":\"https:\/\/www.oficinaconectada.com.br\/blog\/#\/schema\/person\/b6490daab7dc6c1670792d78478db5b4\",\"name\":\"Pablo Eduardo\",\"image\":{\"@type\":\"ImageObject\",\"inLanguage\":\"pt-BR\",\"@id\":\"https:\/\/www.oficinaconectada.com.br\/blog\/#\/schema\/person\/image\/\",\"url\":\"https:\/\/secure.gravatar.com\/avatar\/4a5cd5abb88b43d33da93789c127d1e437a37c75f78e6a3873ba8ac0a4e41d48?s=96&d=mm&r=g\",\"contentUrl\":\"https:\/\/secure.gravatar.com\/avatar\/4a5cd5abb88b43d33da93789c127d1e437a37c75f78e6a3873ba8ac0a4e41d48?s=96&d=mm&r=g\",\"caption\":\"Pablo Eduardo\"},\"sameAs\":[\"https:\/\/assinatura.oficinaconectada.com.br\/blog\"],\"url\":\"https:\/\/www.oficinaconectada.com.br\/blog\/author\/pablo-eduardo\/\"}]}<\/script>\r\n<!-- \/ Yoast SEO plugin. -->","yoast_head_json":{"title":"Falha no Sensor de Posi\u00e7\u00e3o da Embreagem","description":"C\u00f3digo de Falha P0807 est\u00e1 relacionado ao sensor de posi\u00e7\u00e3o da embreagem.","robots":{"index":"index","follow":"follow","max-snippet":"max-snippet:-1","max-image-preview":"max-image-preview:large","max-video-preview":"max-video-preview:-1"},"canonical":"https:\/\/www.oficinaconectada.com.br\/blog\/codigo-de-falha-p0807\/","og_locale":"pt_BR","og_type":"article","og_title":"Falha no Sensor de Posi\u00e7\u00e3o da Embreagem","og_description":"C\u00f3digo de Falha P0807 est\u00e1 relacionado ao sensor de posi\u00e7\u00e3o da embreagem.","og_url":"https:\/\/www.oficinaconectada.com.br\/blog\/codigo-de-falha-p0807\/","og_site_name":"Blog da Oficina Conectada","article_published_time":"2022-06-20T18:47:03+00:00","article_modified_time":"2022-07-06T16:23:17+00:00","og_image":[{"width":2560,"height":1707,"url":"https:\/\/www.oficinaconectada.com.br\/blog\/wp-content\/uploads\/2022\/06\/linha-fox-2010-03-scaled.jpg","type":"image\/jpeg"}],"author":"Pablo Eduardo","twitter_card":"summary_large_image","twitter_misc":{"Escrito por":"Pablo Eduardo","Est. tempo de leitura":"3 minutos"},"schema":{"@context":"https:\/\/schema.org","@graph":[{"@type":"TechArticle","@id":"https:\/\/www.oficinaconectada.com.br\/blog\/codigo-de-falha-p0807\/#article","isPartOf":{"@id":"https:\/\/www.oficinaconectada.com.br\/blog\/codigo-de-falha-p0807\/"},"author":{"name":"Pablo Eduardo","@id":"https:\/\/www.oficinaconectada.com.br\/blog\/#\/schema\/person\/b6490daab7dc6c1670792d78478db5b4"},"headline":"Falha no Sensor de Posi\u00e7\u00e3o da Embreagem","datePublished":"2022-06-20T18:47:03+00:00","dateModified":"2022-07-06T16:23:17+00:00","mainEntityOfPage":{"@id":"https:\/\/www.oficinaconectada.com.br\/blog\/codigo-de-falha-p0807\/"},"wordCount":241,"commentCount":0,"publisher":{"@id":"https:\/\/www.oficinaconectada.com.br\/blog\/#organization"},"image":{"@id":"https:\/\/www.oficinaconectada.com.br\/blog\/codigo-de-falha-p0807\/#primaryimage"},"thumbnailUrl":"https:\/\/www.oficinaconectada.com.br\/blog\/wp-content\/uploads\/2022\/06\/linha-fox-2010-03-scaled.jpg","keywords":["Gol","Spacefox","Volkswagem"],"articleSection":["Dica T\u00e9cnica"],"inLanguage":"pt-BR","potentialAction":[{"@type":"CommentAction","name":"Comment","target":["https:\/\/www.oficinaconectada.com.br\/blog\/codigo-de-falha-p0807\/#respond"]}]},{"@type":"WebPage","@id":"https:\/\/www.oficinaconectada.com.br\/blog\/codigo-de-falha-p0807\/","url":"https:\/\/www.oficinaconectada.com.br\/blog\/codigo-de-falha-p0807\/","name":"Falha no Sensor de Posi\u00e7\u00e3o da Embreagem","isPartOf":{"@id":"https:\/\/www.oficinaconectada.com.br\/blog\/#website"},"primaryImageOfPage":{"@id":"https:\/\/www.oficinaconectada.com.br\/blog\/codigo-de-falha-p0807\/#primaryimage"},"image":{"@id":"https:\/\/www.oficinaconectada.com.br\/blog\/codigo-de-falha-p0807\/#primaryimage"},"thumbnailUrl":"https:\/\/www.oficinaconectada.com.br\/blog\/wp-content\/uploads\/2022\/06\/linha-fox-2010-03-scaled.jpg","datePublished":"2022-06-20T18:47:03+00:00","dateModified":"2022-07-06T16:23:17+00:00","description":"C\u00f3digo de Falha P0807 est\u00e1 relacionado ao sensor de posi\u00e7\u00e3o da embreagem.","breadcrumb":{"@id":"https:\/\/www.oficinaconectada.com.br\/blog\/codigo-de-falha-p0807\/#breadcrumb"},"inLanguage":"pt-BR","potentialAction":[{"@type":"ReadAction","target":["https:\/\/www.oficinaconectada.com.br\/blog\/codigo-de-falha-p0807\/"]}]},{"@type":"ImageObject","inLanguage":"pt-BR","@id":"https:\/\/www.oficinaconectada.com.br\/blog\/codigo-de-falha-p0807\/#primaryimage","url":"https:\/\/www.oficinaconectada.com.br\/blog\/wp-content\/uploads\/2022\/06\/linha-fox-2010-03-scaled.jpg","contentUrl":"https:\/\/www.oficinaconectada.com.br\/blog\/wp-content\/uploads\/2022\/06\/linha-fox-2010-03-scaled.jpg","width":2560,"height":1707},{"@type":"BreadcrumbList","@id":"https:\/\/www.oficinaconectada.com.br\/blog\/codigo-de-falha-p0807\/#breadcrumb","itemListElement":[{"@type":"ListItem","position":1,"name":"Home","item":"https:\/\/www.oficinaconectada.com.br\/blog\/"},{"@type":"ListItem","position":2,"name":"Falha no Sensor de Posi\u00e7\u00e3o da Embreagem"}]},{"@type":"WebSite","@id":"https:\/\/www.oficinaconectada.com.br\/blog\/#website","url":"https:\/\/www.oficinaconectada.com.br\/blog\/","name":"Blog da Oficina Conectada","description":"Bem vindo ao Blog da Oficina Conectada, informa\u00e7\u00e3o t\u00e9cnica para reparadores automotivos.","publisher":{"@id":"https:\/\/www.oficinaconectada.com.br\/blog\/#organization"},"potentialAction":[{"@type":"SearchAction","target":{"@type":"EntryPoint","urlTemplate":"https:\/\/www.oficinaconectada.com.br\/blog\/?s={search_term_string}"},"query-input":{"@type":"PropertyValueSpecification","valueRequired":true,"valueName":"search_term_string"}}],"inLanguage":"pt-BR"},{"@type":"Organization","@id":"https:\/\/www.oficinaconectada.com.br\/blog\/#organization","name":"Oficina Conectada","url":"https:\/\/www.oficinaconectada.com.br\/blog\/","logo":{"@type":"ImageObject","inLanguage":"pt-BR","@id":"https:\/\/www.oficinaconectada.com.br\/blog\/#\/schema\/logo\/image\/","url":"https:\/\/www.oficinaconectada.com.br\/blog\/wp-content\/uploads\/2021\/09\/OficinaConectada_logo.png","contentUrl":"https:\/\/www.oficinaconectada.com.br\/blog\/wp-content\/uploads\/2021\/09\/OficinaConectada_logo.png","width":1838,"height":749,"caption":"Oficina Conectada"},"image":{"@id":"https:\/\/www.oficinaconectada.com.br\/blog\/#\/schema\/logo\/image\/"}},{"@type":"Person","@id":"https:\/\/www.oficinaconectada.com.br\/blog\/#\/schema\/person\/b6490daab7dc6c1670792d78478db5b4","name":"Pablo Eduardo","image":{"@type":"ImageObject","inLanguage":"pt-BR","@id":"https:\/\/www.oficinaconectada.com.br\/blog\/#\/schema\/person\/image\/","url":"https:\/\/secure.gravatar.com\/avatar\/4a5cd5abb88b43d33da93789c127d1e437a37c75f78e6a3873ba8ac0a4e41d48?s=96&d=mm&r=g","contentUrl":"https:\/\/secure.gravatar.com\/avatar\/4a5cd5abb88b43d33da93789c127d1e437a37c75f78e6a3873ba8ac0a4e41d48?s=96&d=mm&r=g","caption":"Pablo Eduardo"},"sameAs":["https:\/\/assinatura.oficinaconectada.com.br\/blog"],"url":"https:\/\/www.oficinaconectada.com.br\/blog\/author\/pablo-eduardo\/"}]}},"_links":{"self":[{"href":"https:\/\/www.oficinaconectada.com.br\/blog\/wp-json\/wp\/v2\/posts\/3886","targetHints":{"allow":["GET"]}}],"collection":[{"href":"https:\/\/www.oficinaconectada.com.br\/blog\/wp-json\/wp\/v2\/posts"}],"about":[{"href":"https:\/\/www.oficinaconectada.com.br\/blog\/wp-json\/wp\/v2\/types\/post"}],"author":[{"embeddable":true,"href":"https:\/\/www.oficinaconectada.com.br\/blog\/wp-json\/wp\/v2\/users\/1"}],"replies":[{"embeddable":true,"href":"https:\/\/www.oficinaconectada.com.br\/blog\/wp-json\/wp\/v2\/comments?post=3886"}],"version-history":[{"count":3,"href":"https:\/\/www.oficinaconectada.com.br\/blog\/wp-json\/wp\/v2\/posts\/3886\/revisions"}],"predecessor-version":[{"id":3899,"href":"https:\/\/www.oficinaconectada.com.br\/blog\/wp-json\/wp\/v2\/posts\/3886\/revisions\/3899"}],"wp:featuredmedia":[{"embeddable":true,"href":"https:\/\/www.oficinaconectada.com.br\/blog\/wp-json\/wp\/v2\/media\/3897"}],"wp:attachment":[{"href":"https:\/\/www.oficinaconectada.com.br\/blog\/wp-json\/wp\/v2\/media?parent=3886"}],"wp:term":[{"taxonomy":"category","embeddable":true,"href":"https:\/\/www.oficinaconectada.com.br\/blog\/wp-json\/wp\/v2\/categories?post=3886"},{"taxonomy":"post_tag","embeddable":true,"href":"https:\/\/www.oficinaconectada.com.br\/blog\/wp-json\/wp\/v2\/tags?post=3886"}],"curies":[{"name":"wp","href":"https:\/\/api.w.org\/{rel}","templated":true}]}}