{"id":4058,"date":"2024-12-09T10:02:00","date_gmt":"2024-12-09T13:02:00","guid":{"rendered":"https:\/\/www.oficinaconectada.com.br\/blog\/?p=4058"},"modified":"2024-12-09T10:10:21","modified_gmt":"2024-12-09T13:10:21","slug":"sensor-de-fase-do-comando-tipo-hall","status":"publish","type":"post","link":"https:\/\/www.oficinaconectada.com.br\/blog\/sensor-de-fase-do-comando-tipo-hall\/","title":{"rendered":"Como testar e diagnosticar o Sensor de Fase do Comando tipo Hall"},"content":{"rendered":"\n<p>O sensor de fase ido tipo hall, capta o sinal diretamente nos ressaltos presentes no eixo de comando. Em algumas situa\u00e7\u00f5es o sensor est\u00e1 localizado na lateral do cabe\u00e7ote, pr\u00f3ximo \u00e0 v\u00e1lvula termost\u00e1tica, em outras, est\u00e1 localizado tamb\u00e9m no cabe\u00e7ote, mas pr\u00f3ximo da p\u00f3lia do comando de v\u00e1lvulas.<\/p>\n\n\n<div class=\"wp-block-image\">\n<figure class=\"aligncenter size-full\"><img fetchpriority=\"high\" decoding=\"async\" width=\"634\" height=\"436\" src=\"https:\/\/www.oficinaconectada.com.br\/blog\/wp-content\/uploads\/2023\/03\/Imagem-1-Foto-do-Sensor-de-Fase.png\" alt=\"\" class=\"wp-image-4073\" srcset=\"https:\/\/www.oficinaconectada.com.br\/blog\/wp-content\/uploads\/2023\/03\/Imagem-1-Foto-do-Sensor-de-Fase.png 634w, https:\/\/www.oficinaconectada.com.br\/blog\/wp-content\/uploads\/2023\/03\/Imagem-1-Foto-do-Sensor-de-Fase-300x206.png 300w\" sizes=\"(max-width: 634px) 100vw, 634px\" \/><\/figure>\n<\/div>\n\n\n<p>Uma das ferramentas mais importantes para isso s\u00e3o os <strong>esquemas el\u00e9tricos<\/strong>. Esses esquemas s\u00e3o diagramas que mostram como os componentes est\u00e3o conectados entre si e como a energia flui atrav\u00e9s do circuito. Com eles, podemos entender a l\u00f3gica do circuito e descobrir poss\u00edveis falhas ou problemas em seu funcionamento.<\/p>\n\n\n\n<div class=\"wp-block-group\"><div class=\"wp-block-group__inner-container is-layout-constrained wp-block-group-is-layout-constrained\">\n<div class=\"wp-block-group\"><div class=\"wp-block-group__inner-container is-layout-constrained wp-block-group-is-layout-constrained\">\n<h2 id=\"teste-de-tensao-do-sensor-de-fase-simples\" class=\"has-white-color has-red-background-color has-text-color has-background has-regular-font-size wp-block-heading\">Teste de tens\u00e3o do sensor de fase (Simples)<\/h2>\n<\/div><\/div>\n<\/div><\/div>\n\n\n\n<figure class=\"wp-block-image size-full\"><img decoding=\"async\" width=\"826\" height=\"154\" src=\"https:\/\/www.oficinaconectada.com.br\/blog\/wp-content\/uploads\/2023\/03\/Imagem-1-Diagrama-Sensor-de-Fase.png\" alt=\"\" class=\"wp-image-4074\" srcset=\"https:\/\/www.oficinaconectada.com.br\/blog\/wp-content\/uploads\/2023\/03\/Imagem-1-Diagrama-Sensor-de-Fase.png 826w, https:\/\/www.oficinaconectada.com.br\/blog\/wp-content\/uploads\/2023\/03\/Imagem-1-Diagrama-Sensor-de-Fase-300x56.png 300w, https:\/\/www.oficinaconectada.com.br\/blog\/wp-content\/uploads\/2023\/03\/Imagem-1-Diagrama-Sensor-de-Fase-768x143.png 768w, https:\/\/www.oficinaconectada.com.br\/blog\/wp-content\/uploads\/2023\/03\/Imagem-1-Diagrama-Sensor-de-Fase-640x119.png 640w\" sizes=\"(max-width: 826px) 100vw, 826px\" \/><\/figure>\n\n\n\n<ul class=\"wp-block-list\">\n<li>Condi\u00e7\u00e3o do teste: Mult\u00edmetro na escala de tens\u00e3o DC e chave de igni\u00e7\u00e3o ligada<\/li>\n\n\n\n<li>Medi\u00e7\u00e3o no pino: 1 Alimenta\u00e7\u00e3o positiva<\/li>\n\n\n\n<li>Valor: 5 volts<\/li>\n<\/ul>\n\n\n\n<figure class=\"wp-block-image size-full\"><img decoding=\"async\" width=\"630\" height=\"341\" src=\"https:\/\/www.oficinaconectada.com.br\/blog\/wp-content\/uploads\/2023\/03\/Imagem-2-Teste-de-Tensao.png\" alt=\"\" class=\"wp-image-4061\" srcset=\"https:\/\/www.oficinaconectada.com.br\/blog\/wp-content\/uploads\/2023\/03\/Imagem-2-Teste-de-Tensao.png 630w, https:\/\/www.oficinaconectada.com.br\/blog\/wp-content\/uploads\/2023\/03\/Imagem-2-Teste-de-Tensao-300x162.png 300w\" sizes=\"(max-width: 630px) 100vw, 630px\" \/><\/figure>\n\n\n\n<p><\/p>\n\n\n\n<h2 id=\"teste-de-tensao-do-sensor-de-fase-compartilhado\" class=\"has-white-color has-red-background-color has-text-color has-background has-regular-font-size wp-block-heading\">Teste de tens\u00e3o do sensor de fase (Compartilhado)<\/h2>\n\n\n\n<figure class=\"wp-block-image size-full\"><img loading=\"lazy\" decoding=\"async\" width=\"677\" height=\"254\" src=\"https:\/\/www.oficinaconectada.com.br\/blog\/wp-content\/uploads\/2023\/03\/Imagem-2-Sensor-de-Fase-Conectado.png\" alt=\"\" class=\"wp-image-4075\" srcset=\"https:\/\/www.oficinaconectada.com.br\/blog\/wp-content\/uploads\/2023\/03\/Imagem-2-Sensor-de-Fase-Conectado.png 677w, https:\/\/www.oficinaconectada.com.br\/blog\/wp-content\/uploads\/2023\/03\/Imagem-2-Sensor-de-Fase-Conectado-300x113.png 300w, https:\/\/www.oficinaconectada.com.br\/blog\/wp-content\/uploads\/2023\/03\/Imagem-2-Sensor-de-Fase-Conectado-640x240.png 640w\" sizes=\"(max-width: 677px) 100vw, 677px\" \/><\/figure>\n\n\n\n<ul class=\"wp-block-list\">\n<li>Condi\u00e7\u00e3o do teste: Mult\u00edmetro na escala de tens\u00e3o DC e chave de igni\u00e7\u00e3o ligada<\/li>\n\n\n\n<li>Medi\u00e7\u00e3o no pino: 3 Alimenta\u00e7\u00e3o positiva<\/li>\n\n\n\n<li>Valor: 5 volts<\/li>\n<\/ul>\n\n\n\n<figure class=\"wp-block-image size-full\"><img loading=\"lazy\" decoding=\"async\" width=\"627\" height=\"345\" src=\"https:\/\/www.oficinaconectada.com.br\/blog\/wp-content\/uploads\/2023\/03\/image.png\" alt=\"\" class=\"wp-image-4076\" srcset=\"https:\/\/www.oficinaconectada.com.br\/blog\/wp-content\/uploads\/2023\/03\/image.png 627w, https:\/\/www.oficinaconectada.com.br\/blog\/wp-content\/uploads\/2023\/03\/image-300x165.png 300w\" sizes=\"(max-width: 627px) 100vw, 627px\" \/><\/figure>\n\n\n\n<p>Perceba que o valor de 5 volts estar\u00e1 presente nos dois modelos de sensor de rota\u00e7\u00e3o, um sensor simples e outro que tem conex\u00e3o intermediaria com o sensor de press\u00e3o, independente da marca, modelo ou ano do ve\u00edculo, a partir do momento que se identifica que o sensor \u00e9 do tipo Hall, o conceito de funcionamento e a tens\u00e3o ser\u00e1 a mesma. <\/p>\n\n\n\n<p>A informa\u00e7\u00e3o mais importante est\u00e1 no esquema el\u00e9trico, j\u00e1 que em alguns ve\u00edculos a alimenta\u00e7\u00e3o de 5 volts ser\u00e1 compartilhada entre o sensor de fase e o sensor de press\u00e3o absoluta e temperatura do ar de admiss\u00e3o.<\/p>\n\n\n\n<h2 id=\"teste-de-sinal-do-sensor-de-fase-simples-utilizando-um-osciloscopio\" class=\"has-white-color has-red-background-color has-text-color has-background has-regular-font-size wp-block-heading\">Teste de sinal do sensor de fase (simples) utilizando um oscilosc\u00f3pio: <\/h2>\n\n\n\n<figure class=\"wp-block-image size-full\"><img loading=\"lazy\" decoding=\"async\" width=\"826\" height=\"154\" src=\"https:\/\/www.oficinaconectada.com.br\/blog\/wp-content\/uploads\/2023\/03\/image-1.png\" alt=\"\" class=\"wp-image-4077\" srcset=\"https:\/\/www.oficinaconectada.com.br\/blog\/wp-content\/uploads\/2023\/03\/image-1.png 826w, https:\/\/www.oficinaconectada.com.br\/blog\/wp-content\/uploads\/2023\/03\/image-1-300x56.png 300w, https:\/\/www.oficinaconectada.com.br\/blog\/wp-content\/uploads\/2023\/03\/image-1-768x143.png 768w, https:\/\/www.oficinaconectada.com.br\/blog\/wp-content\/uploads\/2023\/03\/image-1-640x119.png 640w\" sizes=\"(max-width: 826px) 100vw, 826px\" \/><\/figure>\n\n\n\n<ul class=\"wp-block-list\">\n<li>Condi\u00e7\u00e3o do teste: Oscilosc\u00f3pio e ve\u00edculo ligado<\/li>\n\n\n\n<li>Medi\u00e7\u00e3o no pino: 3 sinal<\/li>\n\n\n\n<li>Valor: Oscilograma conforme a imagem<\/li>\n<\/ul>\n\n\n\n<figure class=\"wp-block-image size-full\"><img loading=\"lazy\" decoding=\"async\" width=\"626\" height=\"328\" src=\"https:\/\/www.oficinaconectada.com.br\/blog\/wp-content\/uploads\/2023\/03\/image-2.png\" alt=\"\" class=\"wp-image-4078\" srcset=\"https:\/\/www.oficinaconectada.com.br\/blog\/wp-content\/uploads\/2023\/03\/image-2.png 626w, https:\/\/www.oficinaconectada.com.br\/blog\/wp-content\/uploads\/2023\/03\/image-2-300x157.png 300w\" sizes=\"(max-width: 626px) 100vw, 626px\" \/><\/figure>\n\n\n\n<p>O efeito Hall faz com que uma voltagem seja gerada perpendicularmente \u00e0 corrente el\u00e9trica e ao campo magn\u00e9tico aplicado. O conceito de funcionamento do Sensor de Fase e o<strong> <a href=\"https:\/\/www.oficinaconectada.com.br\/blog\/sensor-de-rotacao-do-motor-ckp-tipo-hall\/\" target=\"_blank\" rel=\"noreferrer noopener\">Sensor de Rota\u00e7\u00e3o Hall (voc\u00ea pode ver os testes aqui)<\/a><\/strong> s\u00e3o id\u00eanticos e devem sempre indicar os mesmos valores nos testes.<\/p>\n\n\n\n<p>O sensor Hall \u00e9 composto por um material semicondutor, que \u00e9 colocado em um campo magn\u00e9tico. Quando uma corrente el\u00e9trica \u00e9 aplicada ao material, o efeito Hall faz com que uma voltagem seja gerada perpendicularmente ao campo magn\u00e9tico e \u00e0 corrente el\u00e9trica. Essa voltagem \u00e9 proporcional \u00e0 intensidade do campo magn\u00e9tico aplicado.<\/p>\n\n\n\n<p>Ao analisar um esquema el\u00e9trico, \u00e9 poss\u00edvel compreender a fun\u00e7\u00e3o de cada componente e como ele afeta o circuito na totalidade. Isso torna desnecess\u00e1ria a utiliza\u00e7\u00e3o de uma tabela de valores de testes, uma vez que a an\u00e1lise do esquema el\u00e9trico \u00e9 suficiente para identificar poss\u00edveis problemas no circuito.<\/p>\n\n\n<div class=\"wp-block-image\">\n<figure class=\"aligncenter size-full\"><a href=\"https:\/\/oficinaconectada.com.br\/site\/mobi-argo\/?utm_source=blog&amp;utm_medium=material-gratuita\" target=\"_blank\" rel=\"noreferrer noopener\"><img loading=\"lazy\" decoding=\"async\" width=\"500\" height=\"289\" src=\"https:\/\/www.oficinaconectada.com.br\/blog\/wp-content\/uploads\/2023\/03\/Chamada-para-o-curso.png\" alt=\"\" class=\"wp-image-4055\" srcset=\"https:\/\/www.oficinaconectada.com.br\/blog\/wp-content\/uploads\/2023\/03\/Chamada-para-o-curso.png 500w, https:\/\/www.oficinaconectada.com.br\/blog\/wp-content\/uploads\/2023\/03\/Chamada-para-o-curso-300x173.png 300w\" sizes=\"(max-width: 500px) 100vw, 500px\" \/><\/a><\/figure>\n<\/div>","protected":false},"excerpt":{"rendered":"Sensor de Rota\u00e7\u00e3o\u00a0tem por finalidade gerar o sinal de rota\u00e7\u00e3o do motor e a posi\u00e7\u00e3o da \u00e1rvore de manivelas, informando-o \u00e0\u00a0UCE.","protected":false},"author":1,"featured_media":4062,"comment_status":"open","ping_status":"open","sticky":false,"template":"","format":"standard","meta":{"csco_singular_sidebar":"","csco_page_header_type":"","csco_page_load_nextpost":"default","csco_post_video_location":["header","archive"],"csco_post_video_location_hash":"","csco_post_video_url":"https:\/\/youtu.be\/jb2yXnVEYf0?list=PLHsEuKZ6JECCPOArUx6bHiB9WMIaNcnmi","csco_post_video_bg_start_time":38,"csco_post_video_bg_end_time":46,"footnotes":""},"categories":[76,164],"tags":[230,229],"class_list":{"0":"post-4058","1":"post","2":"type-post","3":"status-publish","4":"format-standard","5":"has-post-thumbnail","7":"category-materiais-gratuitos","8":"category-testes-de-componentes","9":"tag-sensor-de-fase","10":"tag-tipo-hall","11":"cs-entry","12":"cs-video-wrap"},"yoast_head":"<!-- This site is optimized with the Yoast SEO plugin v25.9 - https:\/\/yoast.com\/wordpress\/plugins\/seo\/ -->\r\n<title>Como testar e diagnosticar o Sensor de Fase do Comando tipo Hall<\/title>\r\n<meta name=\"description\" content=\"O sensor de fase ido tipo hall, capta o sinal diretamente nos ressaltos presentes no eixo de comando.\" \/>\r\n<meta name=\"robots\" content=\"index, follow, max-snippet:-1, max-image-preview:large, max-video-preview:-1\" \/>\r\n<link rel=\"canonical\" href=\"https:\/\/www.oficinaconectada.com.br\/blog\/sensor-de-fase-do-comando-tipo-hall\/\" \/>\r\n<meta property=\"og:locale\" content=\"pt_BR\" \/>\r\n<meta property=\"og:type\" content=\"article\" \/>\r\n<meta property=\"og:title\" content=\"Como testar e diagnosticar o Sensor de Fase do Comando tipo Hall\" \/>\r\n<meta property=\"og:description\" content=\"O sensor de fase ido tipo hall, capta o sinal diretamente nos ressaltos presentes no eixo de comando.\" \/>\r\n<meta property=\"og:url\" content=\"https:\/\/www.oficinaconectada.com.br\/blog\/sensor-de-fase-do-comando-tipo-hall\/\" \/>\r\n<meta property=\"og:site_name\" content=\"Blog da Oficina Conectada\" \/>\r\n<meta property=\"article:published_time\" content=\"2024-12-09T13:02:00+00:00\" \/>\r\n<meta property=\"article:modified_time\" content=\"2024-12-09T13:10:21+00:00\" \/>\r\n<meta property=\"og:image\" content=\"https:\/\/www.oficinaconectada.com.br\/blog\/wp-content\/uploads\/2023\/03\/Imagem-1-Teste-de-Sinal-Usando-Osciloscopio.png\" \/>\r\n\t<meta property=\"og:image:width\" content=\"630\" \/>\r\n\t<meta property=\"og:image:height\" content=\"341\" \/>\r\n\t<meta property=\"og:image:type\" content=\"image\/png\" \/>\r\n<meta name=\"author\" content=\"Pablo Eduardo\" \/>\r\n<meta name=\"twitter:card\" content=\"summary_large_image\" \/>\r\n<meta name=\"twitter:label1\" content=\"Escrito por\" \/>\n\t<meta name=\"twitter:data1\" content=\"Pablo Eduardo\" \/>\n\t<meta name=\"twitter:label2\" content=\"Est. tempo de leitura\" \/>\n\t<meta name=\"twitter:data2\" content=\"8 minutos\" \/>\r\n<script type=\"application\/ld+json\" class=\"yoast-schema-graph\">{\"@context\":\"https:\/\/schema.org\",\"@graph\":[{\"@type\":\"TechArticle\",\"@id\":\"https:\/\/www.oficinaconectada.com.br\/blog\/sensor-de-fase-do-comando-tipo-hall\/#article\",\"isPartOf\":{\"@id\":\"https:\/\/www.oficinaconectada.com.br\/blog\/sensor-de-fase-do-comando-tipo-hall\/\"},\"author\":{\"name\":\"Pablo Eduardo\",\"@id\":\"https:\/\/www.oficinaconectada.com.br\/blog\/#\/schema\/person\/b6490daab7dc6c1670792d78478db5b4\"},\"headline\":\"Como testar e diagnosticar o Sensor de Fase do Comando tipo Hall\",\"datePublished\":\"2024-12-09T13:02:00+00:00\",\"dateModified\":\"2024-12-09T13:10:21+00:00\",\"mainEntityOfPage\":{\"@id\":\"https:\/\/www.oficinaconectada.com.br\/blog\/sensor-de-fase-do-comando-tipo-hall\/\"},\"wordCount\":496,\"commentCount\":0,\"publisher\":{\"@id\":\"https:\/\/www.oficinaconectada.com.br\/blog\/#organization\"},\"image\":{\"@id\":\"https:\/\/www.oficinaconectada.com.br\/blog\/sensor-de-fase-do-comando-tipo-hall\/#primaryimage\"},\"thumbnailUrl\":\"https:\/\/www.oficinaconectada.com.br\/blog\/wp-content\/uploads\/2023\/03\/Imagem-1-Teste-de-Sinal-Usando-Osciloscopio.png\",\"keywords\":[\"Sensor de Fase\",\"Tipo Hall\"],\"articleSection\":[\"Materiais gratuitos\",\"Testes de Componentes\"],\"inLanguage\":\"pt-BR\",\"potentialAction\":[{\"@type\":\"CommentAction\",\"name\":\"Comment\",\"target\":[\"https:\/\/www.oficinaconectada.com.br\/blog\/sensor-de-fase-do-comando-tipo-hall\/#respond\"]}]},{\"@type\":\"WebPage\",\"@id\":\"https:\/\/www.oficinaconectada.com.br\/blog\/sensor-de-fase-do-comando-tipo-hall\/\",\"url\":\"https:\/\/www.oficinaconectada.com.br\/blog\/sensor-de-fase-do-comando-tipo-hall\/\",\"name\":\"Como testar e diagnosticar o Sensor de Fase do Comando tipo Hall\",\"isPartOf\":{\"@id\":\"https:\/\/www.oficinaconectada.com.br\/blog\/#website\"},\"primaryImageOfPage\":{\"@id\":\"https:\/\/www.oficinaconectada.com.br\/blog\/sensor-de-fase-do-comando-tipo-hall\/#primaryimage\"},\"image\":{\"@id\":\"https:\/\/www.oficinaconectada.com.br\/blog\/sensor-de-fase-do-comando-tipo-hall\/#primaryimage\"},\"thumbnailUrl\":\"https:\/\/www.oficinaconectada.com.br\/blog\/wp-content\/uploads\/2023\/03\/Imagem-1-Teste-de-Sinal-Usando-Osciloscopio.png\",\"datePublished\":\"2024-12-09T13:02:00+00:00\",\"dateModified\":\"2024-12-09T13:10:21+00:00\",\"description\":\"O sensor de fase ido tipo hall, capta o sinal diretamente nos ressaltos presentes no eixo de comando.\",\"breadcrumb\":{\"@id\":\"https:\/\/www.oficinaconectada.com.br\/blog\/sensor-de-fase-do-comando-tipo-hall\/#breadcrumb\"},\"inLanguage\":\"pt-BR\",\"potentialAction\":[{\"@type\":\"ReadAction\",\"target\":[\"https:\/\/www.oficinaconectada.com.br\/blog\/sensor-de-fase-do-comando-tipo-hall\/\"]}]},{\"@type\":\"ImageObject\",\"inLanguage\":\"pt-BR\",\"@id\":\"https:\/\/www.oficinaconectada.com.br\/blog\/sensor-de-fase-do-comando-tipo-hall\/#primaryimage\",\"url\":\"https:\/\/www.oficinaconectada.com.br\/blog\/wp-content\/uploads\/2023\/03\/Imagem-1-Teste-de-Sinal-Usando-Osciloscopio.png\",\"contentUrl\":\"https:\/\/www.oficinaconectada.com.br\/blog\/wp-content\/uploads\/2023\/03\/Imagem-1-Teste-de-Sinal-Usando-Osciloscopio.png\",\"width\":630,\"height\":341},{\"@type\":\"BreadcrumbList\",\"@id\":\"https:\/\/www.oficinaconectada.com.br\/blog\/sensor-de-fase-do-comando-tipo-hall\/#breadcrumb\",\"itemListElement\":[{\"@type\":\"ListItem\",\"position\":1,\"name\":\"Home\",\"item\":\"https:\/\/www.oficinaconectada.com.br\/blog\/\"},{\"@type\":\"ListItem\",\"position\":2,\"name\":\"Como testar e diagnosticar o Sensor de Fase do Comando tipo Hall\"}]},{\"@type\":\"WebSite\",\"@id\":\"https:\/\/www.oficinaconectada.com.br\/blog\/#website\",\"url\":\"https:\/\/www.oficinaconectada.com.br\/blog\/\",\"name\":\"Blog da Oficina Conectada\",\"description\":\"Bem vindo ao Blog da Oficina Conectada, informa\u00e7\u00e3o t\u00e9cnica para reparadores automotivos.\",\"publisher\":{\"@id\":\"https:\/\/www.oficinaconectada.com.br\/blog\/#organization\"},\"potentialAction\":[{\"@type\":\"SearchAction\",\"target\":{\"@type\":\"EntryPoint\",\"urlTemplate\":\"https:\/\/www.oficinaconectada.com.br\/blog\/?s={search_term_string}\"},\"query-input\":{\"@type\":\"PropertyValueSpecification\",\"valueRequired\":true,\"valueName\":\"search_term_string\"}}],\"inLanguage\":\"pt-BR\"},{\"@type\":\"Organization\",\"@id\":\"https:\/\/www.oficinaconectada.com.br\/blog\/#organization\",\"name\":\"Oficina Conectada\",\"url\":\"https:\/\/www.oficinaconectada.com.br\/blog\/\",\"logo\":{\"@type\":\"ImageObject\",\"inLanguage\":\"pt-BR\",\"@id\":\"https:\/\/www.oficinaconectada.com.br\/blog\/#\/schema\/logo\/image\/\",\"url\":\"https:\/\/www.oficinaconectada.com.br\/blog\/wp-content\/uploads\/2021\/09\/OficinaConectada_logo.png\",\"contentUrl\":\"https:\/\/www.oficinaconectada.com.br\/blog\/wp-content\/uploads\/2021\/09\/OficinaConectada_logo.png\",\"width\":1838,\"height\":749,\"caption\":\"Oficina Conectada\"},\"image\":{\"@id\":\"https:\/\/www.oficinaconectada.com.br\/blog\/#\/schema\/logo\/image\/\"}},{\"@type\":\"Person\",\"@id\":\"https:\/\/www.oficinaconectada.com.br\/blog\/#\/schema\/person\/b6490daab7dc6c1670792d78478db5b4\",\"name\":\"Pablo Eduardo\",\"image\":{\"@type\":\"ImageObject\",\"inLanguage\":\"pt-BR\",\"@id\":\"https:\/\/www.oficinaconectada.com.br\/blog\/#\/schema\/person\/image\/\",\"url\":\"https:\/\/secure.gravatar.com\/avatar\/4a5cd5abb88b43d33da93789c127d1e437a37c75f78e6a3873ba8ac0a4e41d48?s=96&d=mm&r=g\",\"contentUrl\":\"https:\/\/secure.gravatar.com\/avatar\/4a5cd5abb88b43d33da93789c127d1e437a37c75f78e6a3873ba8ac0a4e41d48?s=96&d=mm&r=g\",\"caption\":\"Pablo Eduardo\"},\"sameAs\":[\"https:\/\/assinatura.oficinaconectada.com.br\/blog\"],\"url\":\"https:\/\/www.oficinaconectada.com.br\/blog\/author\/pablo-eduardo\/\"}]}<\/script>\r\n<!-- \/ Yoast SEO plugin. -->","yoast_head_json":{"title":"Como testar e diagnosticar o Sensor de Fase do Comando tipo Hall","description":"O sensor de fase ido tipo hall, capta o sinal diretamente nos ressaltos presentes no eixo de comando.","robots":{"index":"index","follow":"follow","max-snippet":"max-snippet:-1","max-image-preview":"max-image-preview:large","max-video-preview":"max-video-preview:-1"},"canonical":"https:\/\/www.oficinaconectada.com.br\/blog\/sensor-de-fase-do-comando-tipo-hall\/","og_locale":"pt_BR","og_type":"article","og_title":"Como testar e diagnosticar o Sensor de Fase do Comando tipo Hall","og_description":"O sensor de fase ido tipo hall, capta o sinal diretamente nos ressaltos presentes no eixo de comando.","og_url":"https:\/\/www.oficinaconectada.com.br\/blog\/sensor-de-fase-do-comando-tipo-hall\/","og_site_name":"Blog da Oficina Conectada","article_published_time":"2024-12-09T13:02:00+00:00","article_modified_time":"2024-12-09T13:10:21+00:00","og_image":[{"width":630,"height":341,"url":"https:\/\/www.oficinaconectada.com.br\/blog\/wp-content\/uploads\/2023\/03\/Imagem-1-Teste-de-Sinal-Usando-Osciloscopio.png","type":"image\/png"}],"author":"Pablo Eduardo","twitter_card":"summary_large_image","twitter_misc":{"Escrito por":"Pablo Eduardo","Est. tempo de leitura":"8 minutos"},"schema":{"@context":"https:\/\/schema.org","@graph":[{"@type":"TechArticle","@id":"https:\/\/www.oficinaconectada.com.br\/blog\/sensor-de-fase-do-comando-tipo-hall\/#article","isPartOf":{"@id":"https:\/\/www.oficinaconectada.com.br\/blog\/sensor-de-fase-do-comando-tipo-hall\/"},"author":{"name":"Pablo Eduardo","@id":"https:\/\/www.oficinaconectada.com.br\/blog\/#\/schema\/person\/b6490daab7dc6c1670792d78478db5b4"},"headline":"Como testar e diagnosticar o Sensor de Fase do Comando tipo Hall","datePublished":"2024-12-09T13:02:00+00:00","dateModified":"2024-12-09T13:10:21+00:00","mainEntityOfPage":{"@id":"https:\/\/www.oficinaconectada.com.br\/blog\/sensor-de-fase-do-comando-tipo-hall\/"},"wordCount":496,"commentCount":0,"publisher":{"@id":"https:\/\/www.oficinaconectada.com.br\/blog\/#organization"},"image":{"@id":"https:\/\/www.oficinaconectada.com.br\/blog\/sensor-de-fase-do-comando-tipo-hall\/#primaryimage"},"thumbnailUrl":"https:\/\/www.oficinaconectada.com.br\/blog\/wp-content\/uploads\/2023\/03\/Imagem-1-Teste-de-Sinal-Usando-Osciloscopio.png","keywords":["Sensor de Fase","Tipo Hall"],"articleSection":["Materiais gratuitos","Testes de Componentes"],"inLanguage":"pt-BR","potentialAction":[{"@type":"CommentAction","name":"Comment","target":["https:\/\/www.oficinaconectada.com.br\/blog\/sensor-de-fase-do-comando-tipo-hall\/#respond"]}]},{"@type":"WebPage","@id":"https:\/\/www.oficinaconectada.com.br\/blog\/sensor-de-fase-do-comando-tipo-hall\/","url":"https:\/\/www.oficinaconectada.com.br\/blog\/sensor-de-fase-do-comando-tipo-hall\/","name":"Como testar e diagnosticar o Sensor de Fase do Comando tipo Hall","isPartOf":{"@id":"https:\/\/www.oficinaconectada.com.br\/blog\/#website"},"primaryImageOfPage":{"@id":"https:\/\/www.oficinaconectada.com.br\/blog\/sensor-de-fase-do-comando-tipo-hall\/#primaryimage"},"image":{"@id":"https:\/\/www.oficinaconectada.com.br\/blog\/sensor-de-fase-do-comando-tipo-hall\/#primaryimage"},"thumbnailUrl":"https:\/\/www.oficinaconectada.com.br\/blog\/wp-content\/uploads\/2023\/03\/Imagem-1-Teste-de-Sinal-Usando-Osciloscopio.png","datePublished":"2024-12-09T13:02:00+00:00","dateModified":"2024-12-09T13:10:21+00:00","description":"O sensor de fase ido tipo hall, capta o sinal diretamente nos ressaltos presentes no eixo de comando.","breadcrumb":{"@id":"https:\/\/www.oficinaconectada.com.br\/blog\/sensor-de-fase-do-comando-tipo-hall\/#breadcrumb"},"inLanguage":"pt-BR","potentialAction":[{"@type":"ReadAction","target":["https:\/\/www.oficinaconectada.com.br\/blog\/sensor-de-fase-do-comando-tipo-hall\/"]}]},{"@type":"ImageObject","inLanguage":"pt-BR","@id":"https:\/\/www.oficinaconectada.com.br\/blog\/sensor-de-fase-do-comando-tipo-hall\/#primaryimage","url":"https:\/\/www.oficinaconectada.com.br\/blog\/wp-content\/uploads\/2023\/03\/Imagem-1-Teste-de-Sinal-Usando-Osciloscopio.png","contentUrl":"https:\/\/www.oficinaconectada.com.br\/blog\/wp-content\/uploads\/2023\/03\/Imagem-1-Teste-de-Sinal-Usando-Osciloscopio.png","width":630,"height":341},{"@type":"BreadcrumbList","@id":"https:\/\/www.oficinaconectada.com.br\/blog\/sensor-de-fase-do-comando-tipo-hall\/#breadcrumb","itemListElement":[{"@type":"ListItem","position":1,"name":"Home","item":"https:\/\/www.oficinaconectada.com.br\/blog\/"},{"@type":"ListItem","position":2,"name":"Como testar e diagnosticar o Sensor de Fase do Comando tipo Hall"}]},{"@type":"WebSite","@id":"https:\/\/www.oficinaconectada.com.br\/blog\/#website","url":"https:\/\/www.oficinaconectada.com.br\/blog\/","name":"Blog da Oficina Conectada","description":"Bem vindo ao Blog da Oficina Conectada, informa\u00e7\u00e3o t\u00e9cnica para reparadores automotivos.","publisher":{"@id":"https:\/\/www.oficinaconectada.com.br\/blog\/#organization"},"potentialAction":[{"@type":"SearchAction","target":{"@type":"EntryPoint","urlTemplate":"https:\/\/www.oficinaconectada.com.br\/blog\/?s={search_term_string}"},"query-input":{"@type":"PropertyValueSpecification","valueRequired":true,"valueName":"search_term_string"}}],"inLanguage":"pt-BR"},{"@type":"Organization","@id":"https:\/\/www.oficinaconectada.com.br\/blog\/#organization","name":"Oficina Conectada","url":"https:\/\/www.oficinaconectada.com.br\/blog\/","logo":{"@type":"ImageObject","inLanguage":"pt-BR","@id":"https:\/\/www.oficinaconectada.com.br\/blog\/#\/schema\/logo\/image\/","url":"https:\/\/www.oficinaconectada.com.br\/blog\/wp-content\/uploads\/2021\/09\/OficinaConectada_logo.png","contentUrl":"https:\/\/www.oficinaconectada.com.br\/blog\/wp-content\/uploads\/2021\/09\/OficinaConectada_logo.png","width":1838,"height":749,"caption":"Oficina Conectada"},"image":{"@id":"https:\/\/www.oficinaconectada.com.br\/blog\/#\/schema\/logo\/image\/"}},{"@type":"Person","@id":"https:\/\/www.oficinaconectada.com.br\/blog\/#\/schema\/person\/b6490daab7dc6c1670792d78478db5b4","name":"Pablo Eduardo","image":{"@type":"ImageObject","inLanguage":"pt-BR","@id":"https:\/\/www.oficinaconectada.com.br\/blog\/#\/schema\/person\/image\/","url":"https:\/\/secure.gravatar.com\/avatar\/4a5cd5abb88b43d33da93789c127d1e437a37c75f78e6a3873ba8ac0a4e41d48?s=96&d=mm&r=g","contentUrl":"https:\/\/secure.gravatar.com\/avatar\/4a5cd5abb88b43d33da93789c127d1e437a37c75f78e6a3873ba8ac0a4e41d48?s=96&d=mm&r=g","caption":"Pablo Eduardo"},"sameAs":["https:\/\/assinatura.oficinaconectada.com.br\/blog"],"url":"https:\/\/www.oficinaconectada.com.br\/blog\/author\/pablo-eduardo\/"}]}},"_links":{"self":[{"href":"https:\/\/www.oficinaconectada.com.br\/blog\/wp-json\/wp\/v2\/posts\/4058","targetHints":{"allow":["GET"]}}],"collection":[{"href":"https:\/\/www.oficinaconectada.com.br\/blog\/wp-json\/wp\/v2\/posts"}],"about":[{"href":"https:\/\/www.oficinaconectada.com.br\/blog\/wp-json\/wp\/v2\/types\/post"}],"author":[{"embeddable":true,"href":"https:\/\/www.oficinaconectada.com.br\/blog\/wp-json\/wp\/v2\/users\/1"}],"replies":[{"embeddable":true,"href":"https:\/\/www.oficinaconectada.com.br\/blog\/wp-json\/wp\/v2\/comments?post=4058"}],"version-history":[{"count":8,"href":"https:\/\/www.oficinaconectada.com.br\/blog\/wp-json\/wp\/v2\/posts\/4058\/revisions"}],"predecessor-version":[{"id":4279,"href":"https:\/\/www.oficinaconectada.com.br\/blog\/wp-json\/wp\/v2\/posts\/4058\/revisions\/4279"}],"wp:featuredmedia":[{"embeddable":true,"href":"https:\/\/www.oficinaconectada.com.br\/blog\/wp-json\/wp\/v2\/media\/4062"}],"wp:attachment":[{"href":"https:\/\/www.oficinaconectada.com.br\/blog\/wp-json\/wp\/v2\/media?parent=4058"}],"wp:term":[{"taxonomy":"category","embeddable":true,"href":"https:\/\/www.oficinaconectada.com.br\/blog\/wp-json\/wp\/v2\/categories?post=4058"},{"taxonomy":"post_tag","embeddable":true,"href":"https:\/\/www.oficinaconectada.com.br\/blog\/wp-json\/wp\/v2\/tags?post=4058"}],"curies":[{"name":"wp","href":"https:\/\/api.w.org\/{rel}","templated":true}]}}