{"id":4218,"date":"2024-07-18T17:06:59","date_gmt":"2024-07-18T20:06:59","guid":{"rendered":"https:\/\/www.oficinaconectada.com.br\/blog\/?p=4218"},"modified":"2024-07-18T17:09:53","modified_gmt":"2024-07-18T20:09:53","slug":"guia-abs-can","status":"publish","type":"post","link":"https:\/\/www.oficinaconectada.com.br\/blog\/guia-abs-can\/","title":{"rendered":"Teste de M\u00f3dulo ABS: An\u00e1lise e diagn\u00f3stico de Rede CAN"},"content":{"rendered":"\n<p>Neste artigo, abordaremos detalhadamente o processo de diagn\u00f3stico e testes do sistema <strong>ABS<\/strong> de um <strong>Renault Logan e Clio Authentique 1.0 12v 2020<\/strong>, dividido em tr\u00eas etapas essenciais.<\/p>\n\n\n\n<figure class=\"wp-block-image size-full\"><img fetchpriority=\"high\" decoding=\"async\" width=\"1347\" height=\"605\" src=\"https:\/\/www.oficinaconectada.com.br\/blog\/wp-content\/uploads\/2024\/07\/analise-o-diagrama-eletrico-1.jpg\" alt=\"\" class=\"wp-image-4172\" srcset=\"https:\/\/www.oficinaconectada.com.br\/blog\/wp-content\/uploads\/2024\/07\/analise-o-diagrama-eletrico-1.jpg 1347w, https:\/\/www.oficinaconectada.com.br\/blog\/wp-content\/uploads\/2024\/07\/analise-o-diagrama-eletrico-1-300x135.jpg 300w, https:\/\/www.oficinaconectada.com.br\/blog\/wp-content\/uploads\/2024\/07\/analise-o-diagrama-eletrico-1-1024x460.jpg 1024w, https:\/\/www.oficinaconectada.com.br\/blog\/wp-content\/uploads\/2024\/07\/analise-o-diagrama-eletrico-1-768x345.jpg 768w, https:\/\/www.oficinaconectada.com.br\/blog\/wp-content\/uploads\/2024\/07\/analise-o-diagrama-eletrico-1-640x287.jpg 640w, https:\/\/www.oficinaconectada.com.br\/blog\/wp-content\/uploads\/2024\/07\/analise-o-diagrama-eletrico-1-960x431.jpg 960w\" sizes=\"(max-width: 1347px) 100vw, 1347px\" \/><\/figure>\n\n\n\n<p>Na primeira etapa, analisamos a alimenta\u00e7\u00e3o el\u00e9trica do m\u00f3dulo ABS, utilizando o <a href=\"https:\/\/www.diagweb.com.br\/link\/jSQBec\/\">diagrama padronizado do <strong>Diagweb<\/strong><\/a> \u2014 <a href=\"https:\/\/www.oficinaconectada.com.br\/blog\/guia-abs-alimentacao\/\" target=\"_blank\" rel=\"noreferrer noopener\"><red><em>clique aqui para ler o conte\u00fado<\/em><\/red><\/a>. Na segunda etapa, analisaremos os sensores de velocidade das rodas \u2014 <a href=\"https:\/\/www.oficinaconectada.com.br\/blog\/guia-abs-alimentacao\/\" target=\"_blank\" rel=\"noreferrer noopener\"><red><em>clique aqui para ler o conte\u00fado<\/em><\/red><\/a>.<\/p>\n\n\n\n<p>Na terceira etapa, realizemos uma an\u00e1lise com foco nas conex\u00f5es entre o m\u00f3dulo ABS, a unidade de controle da carroceria (BCM), a tomada de diagnose e o interruptor do pedal de freio.<\/p>\n\n\n\n<h2 id=\"conexoes-do-modulo-abs-com-a-unidade-de-controle-da-carroceria-bcm\" class=\"wp-block-heading has-white-color has-red-background-color has-text-color has-background has-link-color has-regular-font-size wp-elements-7710f3eb29aa80b7d71652b6a6be7a02\">Conex\u00f5es do M\u00f3dulo ABS com a Unidade de Controle da Carroceria (BCM)<\/h2>\n\n\n\n<h4 id=\"conexoes-can\" class=\"wp-block-heading\">Conex\u00f5es CAN<\/h4>\n\n\n\n<p>Os terminais 25 e 14 do m\u00f3dulo ABS est\u00e3o conectados \u00e0 unidade de controle da carroceria (BCM) atrav\u00e9s da rede CAN (Controller Area Network). A rede CAN \u00e9 essencial para a comunica\u00e7\u00e3o entre os diversos m\u00f3dulos eletr\u00f4nicos do ve\u00edculo.<\/p>\n\n\n\n<ul class=\"wp-block-list\">\n<li><strong>Terminal 25 (CAN-H)<\/strong>\n<ul class=\"wp-block-list\">\n<li><strong>Cor do Fio<\/strong>: BJ\/BR (Bege\/Vermelho)<\/li>\n\n\n\n<li><strong>Fun\u00e7\u00e3o<\/strong>: Linha de alta velocidade da rede CAN, conectando o m\u00f3dulo ABS \u00e0 BCM.<\/li>\n<\/ul>\n<\/li>\n\n\n\n<li><strong>Terminal 14 (CAN-L)<\/strong>\n<ul class=\"wp-block-list\">\n<li><strong>Cor do Fio<\/strong>: AZ (Azul)<\/li>\n\n\n\n<li><strong>Fun\u00e7\u00e3o<\/strong>: Linha de baixa velocidade da rede CAN, conectando o m\u00f3dulo ABS \u00e0 BCM.<\/li>\n<\/ul>\n<\/li>\n<\/ul>\n\n\n\n<p>Essas conex\u00f5es permitem a troca de informa\u00e7\u00f5es cr\u00edticas entre o m\u00f3dulo ABS e a BCM, garantindo a sincroniza\u00e7\u00e3o e coordena\u00e7\u00e3o de a\u00e7\u00f5es para manter a seguran\u00e7a e efici\u00eancia do sistema de frenagem.<\/p>\n\n\n\n<h3 id=\"conexoes-da-unidade-de-controle-da-carroceria\" class=\"wp-block-heading has-white-color has-red-background-color has-text-color has-background has-link-color has-regular-font-size wp-elements-b0c84142417b6eb0cf5ad352f2d703c2\">Conex\u00f5es da Unidade de Controle da Carroceria<\/h3>\n\n\n\n<h4 id=\"conexao-com-a-tomada-de-diagnose\" class=\"wp-block-heading\">Conex\u00e3o com a Tomada de Diagnose<\/h4>\n\n\n\n<p>A unidade de controle da carroceria (BCM) tamb\u00e9m est\u00e1 conectada \u00e0 tomada de diagnose. Essa conex\u00e3o \u00e9 crucial para a realiza\u00e7\u00e3o de diagn\u00f3sticos e leitura de c\u00f3digos de erro durante a manuten\u00e7\u00e3o do ve\u00edculo.<\/p>\n\n\n\n<ul class=\"wp-block-list\">\n<li><strong>Tomada de Diagnose<\/strong>\n<ul class=\"wp-block-list\">\n<li><strong>Pinos<\/strong>: 06 e 14<\/li>\n\n\n\n<li><strong>Fun\u00e7\u00e3o<\/strong>: Permitir a comunica\u00e7\u00e3o entre o ve\u00edculo e os equipamentos de diagn\u00f3stico externos, facilitando a leitura de dados e c\u00f3digos de erro.<\/li>\n<\/ul>\n<\/li>\n<\/ul>\n\n\n\n<p>A tomada de diagnose possibilita que t\u00e9cnicos utilizem ferramentas de escaneamento para acessar informa\u00e7\u00f5es armazenadas na BCM e outros m\u00f3dulos, ajudando na identifica\u00e7\u00e3o e resolu\u00e7\u00e3o de problemas.<\/p>\n\n\n\n<h4 id=\"conexao-com-o-interruptor-do-pedal-de-freio\" class=\"wp-block-heading\">Conex\u00e3o com o Interruptor do Pedal de Freio<\/h4>\n\n\n\n<p>A BCM tamb\u00e9m est\u00e1 conectada ao interruptor de posi\u00e7\u00e3o do pedal de freio, um componente fundamental para o sistema de frenagem e para a seguran\u00e7a geral do ve\u00edculo.<\/p>\n\n\n\n<ul class=\"wp-block-list\">\n<li><strong>Interruptor de Posi\u00e7\u00e3o do Pedal de Freio<\/strong>\n<ul class=\"wp-block-list\">\n<li><strong>Conex\u00f5es<\/strong>: F31i (alimenta\u00e7\u00e3o) e F25i (alimenta\u00e7\u00e3o via fus\u00edvel)<\/li>\n\n\n\n<li><strong>Fun\u00e7\u00e3o<\/strong>: Detectar a posi\u00e7\u00e3o do pedal de freio e enviar sinais \u00e0 BCM, que por sua vez repassa informa\u00e7\u00f5es ao m\u00f3dulo ABS e outros sistemas.<\/li>\n<\/ul>\n<\/li>\n<\/ul>\n\n\n\n<h3 id=\"motivo-da-conexao-do-interruptor-do-pedal-de-freio-ao-sistema-abs\" class=\"wp-block-heading has-white-color has-red-background-color has-text-color has-background has-link-color has-regular-font-size wp-elements-8d36bbad4a9c0a8c44fd55560383dc8a\">Motivo da Conex\u00e3o do Interruptor do Pedal de Freio ao Sistema ABS<\/h3>\n\n\n\n<p>A conex\u00e3o do interruptor do pedal de freio ao sistema ABS \u00e9 fundamental por v\u00e1rias raz\u00f5es:<\/p>\n\n\n\n<ol class=\"wp-block-list\">\n<li><strong>Sinal de Ativa\u00e7\u00e3o do Freio<\/strong>:\n<ul class=\"wp-block-list\">\n<li>Quando o pedal do freio \u00e9 pressionado, o interruptor envia um sinal \u00e0 BCM e ao m\u00f3dulo ABS indicando que os freios est\u00e3o sendo aplicados.<\/li>\n\n\n\n<li>Isso permite que o m\u00f3dulo ABS comece a monitorar a press\u00e3o de frenagem e ajuste conforme necess\u00e1rio para evitar o travamento das rodas.<\/li>\n<\/ul>\n<\/li>\n\n\n\n<li><strong>Coordenar Sistemas de Seguran\u00e7a<\/strong>:\n<ul class=\"wp-block-list\">\n<li>O sinal do interruptor do pedal de freio \u00e9 utilizado por diversos sistemas de seguran\u00e7a, incluindo o ABS, o controle de tra\u00e7\u00e3o e o controle de estabilidade.<\/li>\n\n\n\n<li>A sincroniza\u00e7\u00e3o entre esses sistemas \u00e9 essencial para garantir uma resposta r\u00e1pida e eficiente em situa\u00e7\u00f5es de frenagem de emerg\u00eancia.<\/li>\n<\/ul>\n<\/li>\n\n\n\n<li><strong>Diagn\u00f3stico e Monitoramento<\/strong>:\n<ul class=\"wp-block-list\">\n<li>Durante o diagn\u00f3stico, o sinal do interruptor do pedal de freio ajuda os t\u00e9cnicos a verificar se o sistema de frenagem est\u00e1 respondendo corretamente.<\/li>\n\n\n\n<li>Anomalias no sinal podem indicar problemas no interruptor ou em outros componentes do sistema de freios.<\/li>\n<\/ul>\n<\/li>\n<\/ol>\n\n\n\n<h3 id=\"funcao-do-interruptor-do-pedal-de-freio\" class=\"wp-block-heading\">Fun\u00e7\u00e3o do Interruptor do Pedal de Freio<\/h3>\n\n\n\n<p>O interruptor de posi\u00e7\u00e3o do pedal de freio \u00e9 respons\u00e1vel por detectar quando o pedal de freio \u00e9 pressionado e enviar sinais el\u00e9tricos para diversos componentes do ve\u00edculo. Isso permite a ativa\u00e7\u00e3o das luzes de freio, a comunica\u00e7\u00e3o com a BCM e outros sistemas de controle.<\/p>\n\n\n\n<h3 id=\"conexoes-do-interruptor-do-pedal-de-freio\" class=\"wp-block-heading\">Conex\u00f5es do Interruptor do Pedal de Freio<\/h3>\n\n\n\n<p>Com base no diagrama fornecido, vamos analisar cada uma das conex\u00f5es do interruptor do pedal de freio e entender suas fun\u00e7\u00f5es.<\/p>\n\n\n\n<h4 id=\"terminal-01-vd-verde\" class=\"wp-block-heading\">Terminal 01 (VD &#8211; Verde)<\/h4>\n\n\n\n<ul class=\"wp-block-list\">\n<li><strong>Conex\u00f5es<\/strong>:\n<ul class=\"wp-block-list\">\n<li>Luz de freio central (01)<\/li>\n\n\n\n<li>Lanterna traseira esquerda (03)<\/li>\n\n\n\n<li>Lanterna traseira direita (04)<\/li>\n\n\n\n<li>Unidade de controle da carroceria (M08)<\/li>\n<\/ul>\n<\/li>\n\n\n\n<li><strong>Fun\u00e7\u00e3o<\/strong>:\n<ul class=\"wp-block-list\">\n<li>Quando o pedal de freio \u00e9 pressionado, o terminal 01 envia um sinal positivo (VD &#8211; Verde) para as luzes de freio e a BCM, acendendo as luzes de freio traseiras e a luz de freio central. Esse sinal tamb\u00e9m \u00e9 enviado para a BCM para que outros sistemas do ve\u00edculo possam responder adequadamente.<\/li>\n<\/ul>\n<\/li>\n<\/ul>\n\n\n\n<h4 id=\"terminal-02-am-amarelo\" class=\"wp-block-heading\">Terminal 02 (AM &#8211; Amarelo)<\/h4>\n\n\n\n<ul class=\"wp-block-list\">\n<li><strong>Conex\u00f5es<\/strong>:\n<ul class=\"wp-block-list\">\n<li>Caixa de rel\u00e9s e fus\u00edveis interna (F31i)<\/li>\n<\/ul>\n<\/li>\n\n\n\n<li><strong>Fun\u00e7\u00e3o<\/strong>:\n<ul class=\"wp-block-list\">\n<li>Este terminal fornece uma conex\u00e3o direta \u00e0 caixa de rel\u00e9s e fus\u00edveis, garantindo que o interruptor do pedal de freio esteja devidamente protegido e alimentado.<\/li>\n<\/ul>\n<\/li>\n<\/ul>\n\n\n\n<h4 id=\"terminal-03-bj-br-bege-vermelho\" class=\"wp-block-heading\">Terminal 03 (BJ\/BR &#8211; Bege\/Vermelho)<\/h4>\n\n\n\n<ul class=\"wp-block-list\">\n<li><strong>Conex\u00f5es<\/strong>:\n<ul class=\"wp-block-list\">\n<li>Unidade de controle da carroceria (P26)<\/li>\n\n\n\n<li>Unidade de controle do motor &#8211; UCM (PE4)<\/li>\n<\/ul>\n<\/li>\n\n\n\n<li><strong>Fun\u00e7\u00e3o<\/strong>:\n<ul class=\"wp-block-list\">\n<li>O sinal enviado por este terminal informa a BCM e a unidade de controle do motor (UCM) que o pedal de freio foi pressionado. Essa informa\u00e7\u00e3o \u00e9 crucial para a coordena\u00e7\u00e3o de sistemas como o ABS, controle de tra\u00e7\u00e3o e outras funcionalidades relacionadas \u00e0 seguran\u00e7a e desempenho do ve\u00edculo.<\/li>\n<\/ul>\n<\/li>\n<\/ul>\n\n\n\n<h4 id=\"terminal-04-vm-vermelho\" class=\"wp-block-heading\">Terminal 04 (VM &#8211; Vermelho)<\/h4>\n\n\n\n<ul class=\"wp-block-list\">\n<li><strong>Conex\u00f5es<\/strong>:\n<ul class=\"wp-block-list\">\n<li>Caixa de rel\u00e9s e fus\u00edveis interna (F25i)<\/li>\n\n\n\n<li>Antena do imobilizador (03)<\/li>\n\n\n\n<li>Unidade de controle do ABS (28)<\/li>\n<\/ul>\n<\/li>\n\n\n\n<li><strong>Fun\u00e7\u00e3o<\/strong>:\n<ul class=\"wp-block-list\">\n<li>Este terminal garante a alimenta\u00e7\u00e3o adequada do interruptor do pedal de freio e fornece sinais cr\u00edticos para a antena do imobilizador e a unidade de controle do ABS. Isso assegura que o sistema ABS esteja ciente do estado do pedal de freio e possa ajustar a press\u00e3o de frenagem conforme necess\u00e1rio.<\/li>\n<\/ul>\n<\/li>\n<\/ul>\n\n\n\n<h3 id=\"importancia-do-interruptor-do-pedal-de-freio-no-sistema-abs\" class=\"wp-block-heading has-white-color has-red-background-color has-text-color has-background has-link-color has-regular-font-size wp-elements-472985dda4f33ac8a865951af9394e16\">Import\u00e2ncia do Interruptor do Pedal de Freio no Sistema ABS<\/h3>\n\n\n\n<p>A conex\u00e3o do interruptor do pedal de freio ao sistema ABS \u00e9 fundamental por v\u00e1rias raz\u00f5es:<\/p>\n\n\n\n<p>Durante o diagn\u00f3stico, o sinal do interruptor do pedal de freio ajuda os t\u00e9cnicos a verificar se o sistema de frenagem est\u00e1 respondendo corretamente. Anomalias no sinal podem indicar problemas no interruptor ou em outros componentes do sistema de freios.<\/p>\n\n\n\n<p><strong>Sinal de Ativa\u00e7\u00e3o do Freio<\/strong>:<\/p>\n\n\n\n<p>Quando o pedal do freio \u00e9 pressionado, o interruptor envia um sinal \u00e0 BCM e ao m\u00f3dulo ABS indicando que os freios est\u00e3o sendo aplicados. Isso permite que o m\u00f3dulo ABS comece a monitorar a press\u00e3o de frenagem e ajuste conforme necess\u00e1rio para evitar o travamento das rodas.<\/p>\n\n\n\n<p><strong>Coordenar Sistemas de Seguran\u00e7a<\/strong>:<\/p>\n\n\n\n<p>O sinal do interruptor do pedal de freio \u00e9 utilizado por diversos sistemas de seguran\u00e7a, incluindo o ABS, o controle de tra\u00e7\u00e3o e o controle de estabilidade. A sincroniza\u00e7\u00e3o entre esses sistemas \u00e9 essencial para garantir uma resposta r\u00e1pida e eficiente em situa\u00e7\u00f5es de frenagem de emerg\u00eancia.<\/p>\n\n\n\n<p><strong>Diagn\u00f3stico e Monitoramento<\/strong>:<\/p>\n\n\n\n<p>Durante o diagn\u00f3stico, o sinal do interruptor do pedal de freio ajuda os t\u00e9cnicos a verificar se o sistema de frenagem est\u00e1 respondendo corretamente. Anomalias no sinal podem indicar problemas no interruptor ou em outros componentes do sistema de freios.<\/p>\n\n\n\n<p class=\"has-small-font-size\">Edi\u00e7\u00e3o: Pablo Eduardo<br>Revis\u00e3o T\u00e9cnica: Witer Marcos<\/p>\n","protected":false},"excerpt":{"rendered":"Aprenda como diagnosticar e testar os sensores de velocidade das rodas do sistema ABS do seu ve\u00edculo. Descubra a fun\u00e7\u00e3o desses sensores, como realizar testes pr\u00e1ticos com um mult\u00edmetro e identificar problemas comuns para garantir a seguran\u00e7a e desempenho do seu sistema de freios.","protected":false},"author":1,"featured_media":4198,"comment_status":"open","ping_status":"open","sticky":false,"template":"","format":"standard","meta":{"csco_singular_sidebar":"","csco_page_header_type":"","csco_page_load_nextpost":"default","csco_post_video_location":[],"csco_post_video_location_hash":"","csco_post_video_url":"","csco_post_video_bg_start_time":0,"csco_post_video_bg_end_time":0,"footnotes":""},"categories":[240,62],"tags":[242,245,253,249,252,250,255,254],"class_list":{"0":"post-4218","1":"post","2":"type-post","3":"status-publish","4":"format-standard","5":"has-post-thumbnail","7":"category-abs","8":"category-dica-tecnica","9":"tag-diagnostico-abs","10":"tag-manutencao-automotiva","11":"tag-multimetro-automotivo","12":"tag-problemas-no-abs","13":"tag-seguranca-veicular","14":"tag-sensores-magneto-resistivos","15":"tag-sistema-de-freios-abs","16":"tag-teste-de-sensores-de-velocidade","17":"cs-entry","18":"cs-video-wrap"},"yoast_head":"<!-- This site is optimized with the Yoast SEO plugin v25.9 - https:\/\/yoast.com\/wordpress\/plugins\/seo\/ -->\r\n<title>Teste de M\u00f3dulo ABS: An\u00e1lise e diagn\u00f3stico de Rede CAN<\/title>\r\n<meta name=\"description\" content=\"Como realizar testes pr\u00e1ticos com um mult\u00edmetro e identificar problemas comuns para garantir a seguran\u00e7a e desempenho do sistema de ABS.\" \/>\r\n<meta name=\"robots\" content=\"index, follow, max-snippet:-1, max-image-preview:large, max-video-preview:-1\" \/>\r\n<link rel=\"canonical\" href=\"https:\/\/www.oficinaconectada.com.br\/blog\/guia-abs-can\/\" \/>\r\n<meta property=\"og:locale\" content=\"pt_BR\" \/>\r\n<meta property=\"og:type\" content=\"article\" \/>\r\n<meta property=\"og:title\" content=\"Teste de M\u00f3dulo ABS: An\u00e1lise e diagn\u00f3stico de Rede CAN\" \/>\r\n<meta property=\"og:description\" content=\"Como realizar testes pr\u00e1ticos com um mult\u00edmetro e identificar problemas comuns para garantir a seguran\u00e7a e desempenho do sistema de ABS.\" \/>\r\n<meta property=\"og:url\" content=\"https:\/\/www.oficinaconectada.com.br\/blog\/guia-abs-can\/\" \/>\r\n<meta property=\"og:site_name\" content=\"Blog da Oficina Conectada\" \/>\r\n<meta property=\"article:published_time\" content=\"2024-07-18T20:06:59+00:00\" \/>\r\n<meta property=\"article:modified_time\" content=\"2024-07-18T20:09:53+00:00\" \/>\r\n<meta property=\"og:image\" content=\"https:\/\/www.oficinaconectada.com.br\/blog\/wp-content\/uploads\/2024\/07\/novo-clio-37-.jpg\" \/>\r\n\t<meta property=\"og:image:width\" content=\"2400\" \/>\r\n\t<meta property=\"og:image:height\" content=\"1583\" \/>\r\n\t<meta property=\"og:image:type\" content=\"image\/jpeg\" \/>\r\n<meta name=\"author\" content=\"Pablo Eduardo\" \/>\r\n<meta name=\"twitter:card\" content=\"summary_large_image\" \/>\r\n<meta name=\"twitter:label1\" content=\"Escrito por\" \/>\n\t<meta name=\"twitter:data1\" content=\"Pablo Eduardo\" \/>\n\t<meta name=\"twitter:label2\" content=\"Est. tempo de leitura\" \/>\n\t<meta name=\"twitter:data2\" content=\"7 minutos\" \/>\r\n<script type=\"application\/ld+json\" class=\"yoast-schema-graph\">{\"@context\":\"https:\/\/schema.org\",\"@graph\":[{\"@type\":\"TechArticle\",\"@id\":\"https:\/\/www.oficinaconectada.com.br\/blog\/guia-abs-can\/#article\",\"isPartOf\":{\"@id\":\"https:\/\/www.oficinaconectada.com.br\/blog\/guia-abs-can\/\"},\"author\":{\"name\":\"Pablo Eduardo\",\"@id\":\"https:\/\/www.oficinaconectada.com.br\/blog\/#\/schema\/person\/b6490daab7dc6c1670792d78478db5b4\"},\"headline\":\"Teste de M\u00f3dulo ABS: An\u00e1lise e diagn\u00f3stico de Rede CAN\",\"datePublished\":\"2024-07-18T20:06:59+00:00\",\"dateModified\":\"2024-07-18T20:09:53+00:00\",\"mainEntityOfPage\":{\"@id\":\"https:\/\/www.oficinaconectada.com.br\/blog\/guia-abs-can\/\"},\"wordCount\":1271,\"commentCount\":0,\"publisher\":{\"@id\":\"https:\/\/www.oficinaconectada.com.br\/blog\/#organization\"},\"image\":{\"@id\":\"https:\/\/www.oficinaconectada.com.br\/blog\/guia-abs-can\/#primaryimage\"},\"thumbnailUrl\":\"https:\/\/www.oficinaconectada.com.br\/blog\/wp-content\/uploads\/2024\/07\/novo-clio-37-.jpg\",\"keywords\":[\"Diagn\u00f3stico ABS\",\"Manuten\u00e7\u00e3o Automotiva\",\"Mult\u00edmetro Automotivo\",\"Problemas no ABS\",\"Seguran\u00e7a Veicular\",\"Sensores Magneto Resistivos\",\"Sistema de Freios ABS\",\"Teste de Sensores de Velocidade\"],\"articleSection\":[\"ABS\",\"Dica T\u00e9cnica\"],\"inLanguage\":\"pt-BR\",\"potentialAction\":[{\"@type\":\"CommentAction\",\"name\":\"Comment\",\"target\":[\"https:\/\/www.oficinaconectada.com.br\/blog\/guia-abs-can\/#respond\"]}]},{\"@type\":\"WebPage\",\"@id\":\"https:\/\/www.oficinaconectada.com.br\/blog\/guia-abs-can\/\",\"url\":\"https:\/\/www.oficinaconectada.com.br\/blog\/guia-abs-can\/\",\"name\":\"Teste de M\u00f3dulo ABS: An\u00e1lise e diagn\u00f3stico de Rede CAN\",\"isPartOf\":{\"@id\":\"https:\/\/www.oficinaconectada.com.br\/blog\/#website\"},\"primaryImageOfPage\":{\"@id\":\"https:\/\/www.oficinaconectada.com.br\/blog\/guia-abs-can\/#primaryimage\"},\"image\":{\"@id\":\"https:\/\/www.oficinaconectada.com.br\/blog\/guia-abs-can\/#primaryimage\"},\"thumbnailUrl\":\"https:\/\/www.oficinaconectada.com.br\/blog\/wp-content\/uploads\/2024\/07\/novo-clio-37-.jpg\",\"datePublished\":\"2024-07-18T20:06:59+00:00\",\"dateModified\":\"2024-07-18T20:09:53+00:00\",\"description\":\"Como realizar testes pr\u00e1ticos com um mult\u00edmetro e identificar problemas comuns para garantir a seguran\u00e7a e desempenho do sistema de ABS.\",\"breadcrumb\":{\"@id\":\"https:\/\/www.oficinaconectada.com.br\/blog\/guia-abs-can\/#breadcrumb\"},\"inLanguage\":\"pt-BR\",\"potentialAction\":[{\"@type\":\"ReadAction\",\"target\":[\"https:\/\/www.oficinaconectada.com.br\/blog\/guia-abs-can\/\"]}]},{\"@type\":\"ImageObject\",\"inLanguage\":\"pt-BR\",\"@id\":\"https:\/\/www.oficinaconectada.com.br\/blog\/guia-abs-can\/#primaryimage\",\"url\":\"https:\/\/www.oficinaconectada.com.br\/blog\/wp-content\/uploads\/2024\/07\/novo-clio-37-.jpg\",\"contentUrl\":\"https:\/\/www.oficinaconectada.com.br\/blog\/wp-content\/uploads\/2024\/07\/novo-clio-37-.jpg\",\"width\":2400,\"height\":1583},{\"@type\":\"BreadcrumbList\",\"@id\":\"https:\/\/www.oficinaconectada.com.br\/blog\/guia-abs-can\/#breadcrumb\",\"itemListElement\":[{\"@type\":\"ListItem\",\"position\":1,\"name\":\"Home\",\"item\":\"https:\/\/www.oficinaconectada.com.br\/blog\/\"},{\"@type\":\"ListItem\",\"position\":2,\"name\":\"Teste de M\u00f3dulo ABS: An\u00e1lise e diagn\u00f3stico de Rede CAN\"}]},{\"@type\":\"WebSite\",\"@id\":\"https:\/\/www.oficinaconectada.com.br\/blog\/#website\",\"url\":\"https:\/\/www.oficinaconectada.com.br\/blog\/\",\"name\":\"Blog da Oficina Conectada\",\"description\":\"Bem vindo ao Blog da Oficina Conectada, informa\u00e7\u00e3o t\u00e9cnica para reparadores automotivos.\",\"publisher\":{\"@id\":\"https:\/\/www.oficinaconectada.com.br\/blog\/#organization\"},\"potentialAction\":[{\"@type\":\"SearchAction\",\"target\":{\"@type\":\"EntryPoint\",\"urlTemplate\":\"https:\/\/www.oficinaconectada.com.br\/blog\/?s={search_term_string}\"},\"query-input\":{\"@type\":\"PropertyValueSpecification\",\"valueRequired\":true,\"valueName\":\"search_term_string\"}}],\"inLanguage\":\"pt-BR\"},{\"@type\":\"Organization\",\"@id\":\"https:\/\/www.oficinaconectada.com.br\/blog\/#organization\",\"name\":\"Oficina Conectada\",\"url\":\"https:\/\/www.oficinaconectada.com.br\/blog\/\",\"logo\":{\"@type\":\"ImageObject\",\"inLanguage\":\"pt-BR\",\"@id\":\"https:\/\/www.oficinaconectada.com.br\/blog\/#\/schema\/logo\/image\/\",\"url\":\"https:\/\/www.oficinaconectada.com.br\/blog\/wp-content\/uploads\/2021\/09\/OficinaConectada_logo.png\",\"contentUrl\":\"https:\/\/www.oficinaconectada.com.br\/blog\/wp-content\/uploads\/2021\/09\/OficinaConectada_logo.png\",\"width\":1838,\"height\":749,\"caption\":\"Oficina Conectada\"},\"image\":{\"@id\":\"https:\/\/www.oficinaconectada.com.br\/blog\/#\/schema\/logo\/image\/\"}},{\"@type\":\"Person\",\"@id\":\"https:\/\/www.oficinaconectada.com.br\/blog\/#\/schema\/person\/b6490daab7dc6c1670792d78478db5b4\",\"name\":\"Pablo Eduardo\",\"image\":{\"@type\":\"ImageObject\",\"inLanguage\":\"pt-BR\",\"@id\":\"https:\/\/www.oficinaconectada.com.br\/blog\/#\/schema\/person\/image\/\",\"url\":\"https:\/\/secure.gravatar.com\/avatar\/4a5cd5abb88b43d33da93789c127d1e437a37c75f78e6a3873ba8ac0a4e41d48?s=96&d=mm&r=g\",\"contentUrl\":\"https:\/\/secure.gravatar.com\/avatar\/4a5cd5abb88b43d33da93789c127d1e437a37c75f78e6a3873ba8ac0a4e41d48?s=96&d=mm&r=g\",\"caption\":\"Pablo Eduardo\"},\"sameAs\":[\"https:\/\/assinatura.oficinaconectada.com.br\/blog\"],\"url\":\"https:\/\/www.oficinaconectada.com.br\/blog\/author\/pablo-eduardo\/\"}]}<\/script>\r\n<!-- \/ Yoast SEO plugin. -->","yoast_head_json":{"title":"Teste de M\u00f3dulo ABS: An\u00e1lise e diagn\u00f3stico de Rede CAN","description":"Como realizar testes pr\u00e1ticos com um mult\u00edmetro e identificar problemas comuns para garantir a seguran\u00e7a e desempenho do sistema de ABS.","robots":{"index":"index","follow":"follow","max-snippet":"max-snippet:-1","max-image-preview":"max-image-preview:large","max-video-preview":"max-video-preview:-1"},"canonical":"https:\/\/www.oficinaconectada.com.br\/blog\/guia-abs-can\/","og_locale":"pt_BR","og_type":"article","og_title":"Teste de M\u00f3dulo ABS: An\u00e1lise e diagn\u00f3stico de Rede CAN","og_description":"Como realizar testes pr\u00e1ticos com um mult\u00edmetro e identificar problemas comuns para garantir a seguran\u00e7a e desempenho do sistema de ABS.","og_url":"https:\/\/www.oficinaconectada.com.br\/blog\/guia-abs-can\/","og_site_name":"Blog da Oficina Conectada","article_published_time":"2024-07-18T20:06:59+00:00","article_modified_time":"2024-07-18T20:09:53+00:00","og_image":[{"width":2400,"height":1583,"url":"https:\/\/www.oficinaconectada.com.br\/blog\/wp-content\/uploads\/2024\/07\/novo-clio-37-.jpg","type":"image\/jpeg"}],"author":"Pablo Eduardo","twitter_card":"summary_large_image","twitter_misc":{"Escrito por":"Pablo Eduardo","Est. tempo de leitura":"7 minutos"},"schema":{"@context":"https:\/\/schema.org","@graph":[{"@type":"TechArticle","@id":"https:\/\/www.oficinaconectada.com.br\/blog\/guia-abs-can\/#article","isPartOf":{"@id":"https:\/\/www.oficinaconectada.com.br\/blog\/guia-abs-can\/"},"author":{"name":"Pablo Eduardo","@id":"https:\/\/www.oficinaconectada.com.br\/blog\/#\/schema\/person\/b6490daab7dc6c1670792d78478db5b4"},"headline":"Teste de M\u00f3dulo ABS: An\u00e1lise e diagn\u00f3stico de Rede CAN","datePublished":"2024-07-18T20:06:59+00:00","dateModified":"2024-07-18T20:09:53+00:00","mainEntityOfPage":{"@id":"https:\/\/www.oficinaconectada.com.br\/blog\/guia-abs-can\/"},"wordCount":1271,"commentCount":0,"publisher":{"@id":"https:\/\/www.oficinaconectada.com.br\/blog\/#organization"},"image":{"@id":"https:\/\/www.oficinaconectada.com.br\/blog\/guia-abs-can\/#primaryimage"},"thumbnailUrl":"https:\/\/www.oficinaconectada.com.br\/blog\/wp-content\/uploads\/2024\/07\/novo-clio-37-.jpg","keywords":["Diagn\u00f3stico ABS","Manuten\u00e7\u00e3o Automotiva","Mult\u00edmetro Automotivo","Problemas no ABS","Seguran\u00e7a Veicular","Sensores Magneto Resistivos","Sistema de Freios ABS","Teste de Sensores de Velocidade"],"articleSection":["ABS","Dica T\u00e9cnica"],"inLanguage":"pt-BR","potentialAction":[{"@type":"CommentAction","name":"Comment","target":["https:\/\/www.oficinaconectada.com.br\/blog\/guia-abs-can\/#respond"]}]},{"@type":"WebPage","@id":"https:\/\/www.oficinaconectada.com.br\/blog\/guia-abs-can\/","url":"https:\/\/www.oficinaconectada.com.br\/blog\/guia-abs-can\/","name":"Teste de M\u00f3dulo ABS: An\u00e1lise e diagn\u00f3stico de Rede CAN","isPartOf":{"@id":"https:\/\/www.oficinaconectada.com.br\/blog\/#website"},"primaryImageOfPage":{"@id":"https:\/\/www.oficinaconectada.com.br\/blog\/guia-abs-can\/#primaryimage"},"image":{"@id":"https:\/\/www.oficinaconectada.com.br\/blog\/guia-abs-can\/#primaryimage"},"thumbnailUrl":"https:\/\/www.oficinaconectada.com.br\/blog\/wp-content\/uploads\/2024\/07\/novo-clio-37-.jpg","datePublished":"2024-07-18T20:06:59+00:00","dateModified":"2024-07-18T20:09:53+00:00","description":"Como realizar testes pr\u00e1ticos com um mult\u00edmetro e identificar problemas comuns para garantir a seguran\u00e7a e desempenho do sistema de ABS.","breadcrumb":{"@id":"https:\/\/www.oficinaconectada.com.br\/blog\/guia-abs-can\/#breadcrumb"},"inLanguage":"pt-BR","potentialAction":[{"@type":"ReadAction","target":["https:\/\/www.oficinaconectada.com.br\/blog\/guia-abs-can\/"]}]},{"@type":"ImageObject","inLanguage":"pt-BR","@id":"https:\/\/www.oficinaconectada.com.br\/blog\/guia-abs-can\/#primaryimage","url":"https:\/\/www.oficinaconectada.com.br\/blog\/wp-content\/uploads\/2024\/07\/novo-clio-37-.jpg","contentUrl":"https:\/\/www.oficinaconectada.com.br\/blog\/wp-content\/uploads\/2024\/07\/novo-clio-37-.jpg","width":2400,"height":1583},{"@type":"BreadcrumbList","@id":"https:\/\/www.oficinaconectada.com.br\/blog\/guia-abs-can\/#breadcrumb","itemListElement":[{"@type":"ListItem","position":1,"name":"Home","item":"https:\/\/www.oficinaconectada.com.br\/blog\/"},{"@type":"ListItem","position":2,"name":"Teste de M\u00f3dulo ABS: An\u00e1lise e diagn\u00f3stico de Rede CAN"}]},{"@type":"WebSite","@id":"https:\/\/www.oficinaconectada.com.br\/blog\/#website","url":"https:\/\/www.oficinaconectada.com.br\/blog\/","name":"Blog da Oficina Conectada","description":"Bem vindo ao Blog da Oficina Conectada, informa\u00e7\u00e3o t\u00e9cnica para reparadores automotivos.","publisher":{"@id":"https:\/\/www.oficinaconectada.com.br\/blog\/#organization"},"potentialAction":[{"@type":"SearchAction","target":{"@type":"EntryPoint","urlTemplate":"https:\/\/www.oficinaconectada.com.br\/blog\/?s={search_term_string}"},"query-input":{"@type":"PropertyValueSpecification","valueRequired":true,"valueName":"search_term_string"}}],"inLanguage":"pt-BR"},{"@type":"Organization","@id":"https:\/\/www.oficinaconectada.com.br\/blog\/#organization","name":"Oficina Conectada","url":"https:\/\/www.oficinaconectada.com.br\/blog\/","logo":{"@type":"ImageObject","inLanguage":"pt-BR","@id":"https:\/\/www.oficinaconectada.com.br\/blog\/#\/schema\/logo\/image\/","url":"https:\/\/www.oficinaconectada.com.br\/blog\/wp-content\/uploads\/2021\/09\/OficinaConectada_logo.png","contentUrl":"https:\/\/www.oficinaconectada.com.br\/blog\/wp-content\/uploads\/2021\/09\/OficinaConectada_logo.png","width":1838,"height":749,"caption":"Oficina Conectada"},"image":{"@id":"https:\/\/www.oficinaconectada.com.br\/blog\/#\/schema\/logo\/image\/"}},{"@type":"Person","@id":"https:\/\/www.oficinaconectada.com.br\/blog\/#\/schema\/person\/b6490daab7dc6c1670792d78478db5b4","name":"Pablo Eduardo","image":{"@type":"ImageObject","inLanguage":"pt-BR","@id":"https:\/\/www.oficinaconectada.com.br\/blog\/#\/schema\/person\/image\/","url":"https:\/\/secure.gravatar.com\/avatar\/4a5cd5abb88b43d33da93789c127d1e437a37c75f78e6a3873ba8ac0a4e41d48?s=96&d=mm&r=g","contentUrl":"https:\/\/secure.gravatar.com\/avatar\/4a5cd5abb88b43d33da93789c127d1e437a37c75f78e6a3873ba8ac0a4e41d48?s=96&d=mm&r=g","caption":"Pablo Eduardo"},"sameAs":["https:\/\/assinatura.oficinaconectada.com.br\/blog"],"url":"https:\/\/www.oficinaconectada.com.br\/blog\/author\/pablo-eduardo\/"}]}},"_links":{"self":[{"href":"https:\/\/www.oficinaconectada.com.br\/blog\/wp-json\/wp\/v2\/posts\/4218","targetHints":{"allow":["GET"]}}],"collection":[{"href":"https:\/\/www.oficinaconectada.com.br\/blog\/wp-json\/wp\/v2\/posts"}],"about":[{"href":"https:\/\/www.oficinaconectada.com.br\/blog\/wp-json\/wp\/v2\/types\/post"}],"author":[{"embeddable":true,"href":"https:\/\/www.oficinaconectada.com.br\/blog\/wp-json\/wp\/v2\/users\/1"}],"replies":[{"embeddable":true,"href":"https:\/\/www.oficinaconectada.com.br\/blog\/wp-json\/wp\/v2\/comments?post=4218"}],"version-history":[{"count":2,"href":"https:\/\/www.oficinaconectada.com.br\/blog\/wp-json\/wp\/v2\/posts\/4218\/revisions"}],"predecessor-version":[{"id":4220,"href":"https:\/\/www.oficinaconectada.com.br\/blog\/wp-json\/wp\/v2\/posts\/4218\/revisions\/4220"}],"wp:featuredmedia":[{"embeddable":true,"href":"https:\/\/www.oficinaconectada.com.br\/blog\/wp-json\/wp\/v2\/media\/4198"}],"wp:attachment":[{"href":"https:\/\/www.oficinaconectada.com.br\/blog\/wp-json\/wp\/v2\/media?parent=4218"}],"wp:term":[{"taxonomy":"category","embeddable":true,"href":"https:\/\/www.oficinaconectada.com.br\/blog\/wp-json\/wp\/v2\/categories?post=4218"},{"taxonomy":"post_tag","embeddable":true,"href":"https:\/\/www.oficinaconectada.com.br\/blog\/wp-json\/wp\/v2\/tags?post=4218"}],"curies":[{"name":"wp","href":"https:\/\/api.w.org\/{rel}","templated":true}]}}